{"id":1399,"date":"2025-05-07T10:07:24","date_gmt":"2025-05-07T13:07:24","guid":{"rendered":"https:\/\/palmerodespachante.uy\/?p=1399"},"modified":"2025-05-07T10:07:25","modified_gmt":"2025-05-07T13:07:25","slug":"el-deficit-comercial-en-los-eeuu-llego-a-un-record-por-la-ola-de-importaciones-antes-de-los-aranceles","status":"publish","type":"post","link":"https:\/\/palmerodespachante.uy\/index.php\/2025\/05\/07\/el-deficit-comercial-en-los-eeuu-llego-a-un-record-por-la-ola-de-importaciones-antes-de-los-aranceles\/","title":{"rendered":"El d\u00e9ficit comercial en los EEUU lleg\u00f3 a un r\u00e9cord por la ola de importaciones antes de los aranceles"},"content":{"rendered":"\n<p><strong>El d\u00e9ficit comercial de bienes y servicios aument\u00f3 14% con respecto al mes anterior y alcanz\u00f3 los u$s140.500 millones.<\/strong><\/p>\n\n\n\n<p>Las\u00a0<strong>empresas<\/strong>\u00a0en\u00a0<strong>Estados Unidos<\/strong>\u00a0se apresuraron a importar productos mientras l<a href=\"https:\/\/www.ambito.com\/finanzas\/donald-trump-confirma-conversaciones-comerciales-china-y-otros-paises-n6141469\" target=\"_blank\" rel=\"noreferrer noopener\">a administraci\u00f3n Trump<\/a>\u00a0preparaba su bater\u00eda de aranceles. As\u00ed, el resultado fue que e<strong>l d\u00e9ficit comercial de Estados Unidos se ampli\u00f3 a un r\u00e9cord en marzo, ya que el d\u00e9ficit comercial de bienes y servicios aument\u00f3 un 14% con respecto al\u00a0mes anterior<\/strong>, alcanzando los u$s140.500 millones, seg\u00fan datos del Departamento de Comercio publicados el martes.<\/p>\n\n\n\n<p>En marzo de 2025, el d\u00e9ficit comercial de Estados Unidos alcanz\u00f3 un r\u00e9cord hist\u00f3rico de u$s140.500 millones, impulsado por un aumento del 4,4% en las importaciones, que sumaron u$s419.000 millones. Este incremento se debi\u00f3 principalmente a que las empresas adelantaron compras ante la inminente imposici\u00f3n de aranceles por parte del gobierno de Donald Trump.\u00a0<strong>Las exportaciones, por su parte, apenas crecieron un 0,2%, llegando a u$s278.500 millones.<\/strong><\/p>\n\n\n\n<p>El aumento en las importaciones se concentr\u00f3 en bienes de consumo, especialmente productos farmac\u00e9uticos, as\u00ed como en bienes de capital y veh\u00edculos automotores.<strong>\u00a0Este comportamiento empresarial refleja una estrategia para asegurar suministros antes de la entrada en vigor de aranceles expansivos anunciados el 2 de abril.<\/strong><\/p>\n\n\n\n<p>Como resultado,&nbsp;<strong>el Producto Interno Bruto (PIB) de Estados Unidos se contrajo un 0,3% anualizado en el primer trimestre de 2025, siendo esta la primera ca\u00edda desde 2022.<\/strong>&nbsp;Las exportaciones netas restaron casi 5 puntos porcentuales al crecimiento econ\u00f3mico, la mayor contribuci\u00f3n negativa registrada.<\/p>\n\n\n\n<p>Ajustado a la inflaci\u00f3n,&nbsp;<strong>el d\u00e9ficit comercial total de mercanc\u00edas de Estados Unidos se ampli\u00f3 hasta un r\u00e9cord de u$s150.900 millones en marzo.<\/strong><\/p>\n\n\n\n<p>Sin embargo, datos de encuestas del Institute for Supply Management indican una disminuci\u00f3n de las importaciones por parte de fabricantes y proveedores de servicios,\u00a0<strong>lo que sugiere que la estrategia de adelantar compras antes de la imposici\u00f3n de aranceles podr\u00eda estar llegando a su fin.<\/strong><\/p>\n","protected":false},"excerpt":{"rendered":"<p>El d\u00e9ficit comercial de bienes y servicios aument\u00f3 14% con respecto al mes anterior y alcanz\u00f3 los u$s140.500 millones. Las\u00a0empresas\u00a0en\u00a0Estados Unidos\u00a0se apresuraron a importar productos mientras la administraci\u00f3n Trump\u00a0preparaba su bater\u00eda de aranceles. As\u00ed, el resultado fue que el d\u00e9ficit comercial de Estados Unidos se ampli\u00f3 a un r\u00e9cord en marzo, ya que el d\u00e9ficit [&hellip;]<\/p>\n","protected":false},"author":3,"featured_media":1400,"comment_status":"open","ping_status":"open","sticky":false,"template":"","format":"standard","meta":{"_joinchat":[],"footnotes":""},"categories":[15],"tags":[],"class_list":{"0":"post-1399","1":"post","2":"type-post","3":"status-publish","4":"format-standard","5":"has-post-thumbnail","7":"category-sin-categoria-es"},"yoast_head":"<!-- This site is optimized with the Yoast SEO plugin v27.5 - https:\/\/yoast.com\/product\/yoast-seo-wordpress\/ -->\n<title>El d\u00e9ficit comercial en los EEUU lleg\u00f3 a un r\u00e9cord por la ola de importaciones antes de los aranceles - Palmero Despachante de Aduana<\/title>\n<meta name=\"robots\" content=\"noindex, follow\" \/>\n<meta property=\"og:locale\" content=\"es_ES\" \/>\n<meta property=\"og:type\" content=\"article\" \/>\n<meta property=\"og:title\" content=\"El d\u00e9ficit comercial en los EEUU lleg\u00f3 a un r\u00e9cord por la ola de importaciones antes de los aranceles - Palmero Despachante de Aduana\" \/>\n<meta property=\"og:description\" content=\"El d\u00e9ficit comercial de bienes y servicios aument\u00f3 14% con respecto al mes anterior y alcanz\u00f3 los u$s140.500 millones. Las\u00a0empresas\u00a0en\u00a0Estados Unidos\u00a0se apresuraron a importar productos mientras la administraci\u00f3n Trump\u00a0preparaba su bater\u00eda de aranceles. As\u00ed, el resultado fue que el d\u00e9ficit comercial de Estados Unidos se ampli\u00f3 a un r\u00e9cord en marzo, ya que el d\u00e9ficit [&hellip;]\" \/>\n<meta property=\"og:url\" content=\"https:\/\/palmerodespachante.uy\/index.php\/2025\/05\/07\/el-deficit-comercial-en-los-eeuu-llego-a-un-record-por-la-ola-de-importaciones-antes-de-los-aranceles\/\" \/>\n<meta property=\"og:site_name\" content=\"Palmero Despachante de Aduana\" \/>\n<meta property=\"article:publisher\" content=\"https:\/\/www.facebook.com\/despachantedeaduana.palmero?hc_ref=ARQPWzEmqFz3O_9qTlrxPP6NW-Vf1b4-iJdwH7XdkuWdfarefzfPyjY7DGBCye4mnJs\" \/>\n<meta property=\"article:published_time\" content=\"2025-05-07T13:07:24+00:00\" \/>\n<meta property=\"article:modified_time\" content=\"2025-05-07T13:07:25+00:00\" \/>\n<meta property=\"og:image\" content=\"http:\/\/palmerodespachante.uy\/wp-content\/uploads\/2025\/05\/DEFICIT-USA.jpg\" \/>\n\t<meta property=\"og:image:width\" content=\"1200\" \/>\n\t<meta property=\"og:image:height\" content=\"675\" \/>\n\t<meta property=\"og:image:type\" content=\"image\/jpeg\" \/>\n<meta name=\"author\" content=\"Javier Palmero\" \/>\n<meta name=\"twitter:card\" content=\"summary_large_image\" \/>\n<meta name=\"twitter:label1\" content=\"Escrito por\" \/>\n\t<meta name=\"twitter:data1\" content=\"Javier Palmero\" \/>\n\t<meta name=\"twitter:label2\" content=\"Tiempo de lectura\" \/>\n\t<meta name=\"twitter:data2\" content=\"2 minutos\" \/>\n<script type=\"application\/ld+json\" class=\"yoast-schema-graph\">{\"@context\":\"https:\\\/\\\/schema.org\",\"@graph\":[{\"@type\":\"Article\",\"@id\":\"https:\\\/\\\/palmerodespachante.uy\\\/index.php\\\/2025\\\/05\\\/07\\\/el-deficit-comercial-en-los-eeuu-llego-a-un-record-por-la-ola-de-importaciones-antes-de-los-aranceles\\\/#article\",\"isPartOf\":{\"@id\":\"https:\\\/\\\/palmerodespachante.uy\\\/index.php\\\/2025\\\/05\\\/07\\\/el-deficit-comercial-en-los-eeuu-llego-a-un-record-por-la-ola-de-importaciones-antes-de-los-aranceles\\\/\"},\"author\":{\"name\":\"Javier Palmero\",\"@id\":\"https:\\\/\\\/palmerodespachante.uy\\\/#\\\/schema\\\/person\\\/9eabdcdc87fc74d275cc2faf2ce2f732\"},\"headline\":\"El d\u00e9ficit comercial en los EEUU lleg\u00f3 a un r\u00e9cord por la ola de importaciones antes de los aranceles\",\"datePublished\":\"2025-05-07T13:07:24+00:00\",\"dateModified\":\"2025-05-07T13:07:25+00:00\",\"mainEntityOfPage\":{\"@id\":\"https:\\\/\\\/palmerodespachante.uy\\\/index.php\\\/2025\\\/05\\\/07\\\/el-deficit-comercial-en-los-eeuu-llego-a-un-record-por-la-ola-de-importaciones-antes-de-los-aranceles\\\/\"},\"wordCount\":354,\"commentCount\":0,\"publisher\":{\"@id\":\"https:\\\/\\\/palmerodespachante.uy\\\/#organization\"},\"image\":{\"@id\":\"https:\\\/\\\/palmerodespachante.uy\\\/index.php\\\/2025\\\/05\\\/07\\\/el-deficit-comercial-en-los-eeuu-llego-a-un-record-por-la-ola-de-importaciones-antes-de-los-aranceles\\\/#primaryimage\"},\"thumbnailUrl\":\"https:\\\/\\\/palmerodespachante.uy\\\/wp-content\\\/uploads\\\/2025\\\/05\\\/DEFICIT-USA.jpg\",\"inLanguage\":\"es\",\"potentialAction\":[{\"@type\":\"CommentAction\",\"name\":\"Comment\",\"target\":[\"https:\\\/\\\/palmerodespachante.uy\\\/index.php\\\/2025\\\/05\\\/07\\\/el-deficit-comercial-en-los-eeuu-llego-a-un-record-por-la-ola-de-importaciones-antes-de-los-aranceles\\\/#respond\"]}]},{\"@type\":\"WebPage\",\"@id\":\"https:\\\/\\\/palmerodespachante.uy\\\/index.php\\\/2025\\\/05\\\/07\\\/el-deficit-comercial-en-los-eeuu-llego-a-un-record-por-la-ola-de-importaciones-antes-de-los-aranceles\\\/\",\"url\":\"https:\\\/\\\/palmerodespachante.uy\\\/index.php\\\/2025\\\/05\\\/07\\\/el-deficit-comercial-en-los-eeuu-llego-a-un-record-por-la-ola-de-importaciones-antes-de-los-aranceles\\\/\",\"name\":\"El d\u00e9ficit comercial en los EEUU lleg\u00f3 a un r\u00e9cord por la ola de importaciones antes de los aranceles - Palmero Despachante de Aduana\",\"isPartOf\":{\"@id\":\"https:\\\/\\\/palmerodespachante.uy\\\/#website\"},\"primaryImageOfPage\":{\"@id\":\"https:\\\/\\\/palmerodespachante.uy\\\/index.php\\\/2025\\\/05\\\/07\\\/el-deficit-comercial-en-los-eeuu-llego-a-un-record-por-la-ola-de-importaciones-antes-de-los-aranceles\\\/#primaryimage\"},\"image\":{\"@id\":\"https:\\\/\\\/palmerodespachante.uy\\\/index.php\\\/2025\\\/05\\\/07\\\/el-deficit-comercial-en-los-eeuu-llego-a-un-record-por-la-ola-de-importaciones-antes-de-los-aranceles\\\/#primaryimage\"},\"thumbnailUrl\":\"https:\\\/\\\/palmerodespachante.uy\\\/wp-content\\\/uploads\\\/2025\\\/05\\\/DEFICIT-USA.jpg\",\"datePublished\":\"2025-05-07T13:07:24+00:00\",\"dateModified\":\"2025-05-07T13:07:25+00:00\",\"breadcrumb\":{\"@id\":\"https:\\\/\\\/palmerodespachante.uy\\\/index.php\\\/2025\\\/05\\\/07\\\/el-deficit-comercial-en-los-eeuu-llego-a-un-record-por-la-ola-de-importaciones-antes-de-los-aranceles\\\/#breadcrumb\"},\"inLanguage\":\"es\",\"potentialAction\":[{\"@type\":\"ReadAction\",\"target\":[\"https:\\\/\\\/palmerodespachante.uy\\\/index.php\\\/2025\\\/05\\\/07\\\/el-deficit-comercial-en-los-eeuu-llego-a-un-record-por-la-ola-de-importaciones-antes-de-los-aranceles\\\/\"]}]},{\"@type\":\"ImageObject\",\"inLanguage\":\"es\",\"@id\":\"https:\\\/\\\/palmerodespachante.uy\\\/index.php\\\/2025\\\/05\\\/07\\\/el-deficit-comercial-en-los-eeuu-llego-a-un-record-por-la-ola-de-importaciones-antes-de-los-aranceles\\\/#primaryimage\",\"url\":\"https:\\\/\\\/palmerodespachante.uy\\\/wp-content\\\/uploads\\\/2025\\\/05\\\/DEFICIT-USA.jpg\",\"contentUrl\":\"https:\\\/\\\/palmerodespachante.uy\\\/wp-content\\\/uploads\\\/2025\\\/05\\\/DEFICIT-USA.jpg\",\"width\":1200,\"height\":675},{\"@type\":\"BreadcrumbList\",\"@id\":\"https:\\\/\\\/palmerodespachante.uy\\\/index.php\\\/2025\\\/05\\\/07\\\/el-deficit-comercial-en-los-eeuu-llego-a-un-record-por-la-ola-de-importaciones-antes-de-los-aranceles\\\/#breadcrumb\",\"itemListElement\":[{\"@type\":\"ListItem\",\"position\":1,\"name\":\"Portada\",\"item\":\"https:\\\/\\\/palmerodespachante.uy\\\/\"},{\"@type\":\"ListItem\",\"position\":2,\"name\":\"El d\u00e9ficit comercial en los EEUU lleg\u00f3 a un r\u00e9cord por la ola de importaciones antes de los aranceles\"}]},{\"@type\":\"WebSite\",\"@id\":\"https:\\\/\\\/palmerodespachante.uy\\\/#website\",\"url\":\"https:\\\/\\\/palmerodespachante.uy\\\/\",\"name\":\"Palmero Despachante de Aduana\",\"description\":\"Importaci\u00f3n, Exportaci\u00f3n, Tr\u00e1nsito\",\"publisher\":{\"@id\":\"https:\\\/\\\/palmerodespachante.uy\\\/#organization\"},\"potentialAction\":[{\"@type\":\"SearchAction\",\"target\":{\"@type\":\"EntryPoint\",\"urlTemplate\":\"https:\\\/\\\/palmerodespachante.uy\\\/?s={search_term_string}\"},\"query-input\":{\"@type\":\"PropertyValueSpecification\",\"valueRequired\":true,\"valueName\":\"search_term_string\"}}],\"inLanguage\":\"es\"},{\"@type\":\"Organization\",\"@id\":\"https:\\\/\\\/palmerodespachante.uy\\\/#organization\",\"name\":\"Palmero Despachante de Aduanas\",\"url\":\"https:\\\/\\\/palmerodespachante.uy\\\/\",\"logo\":{\"@type\":\"ImageObject\",\"inLanguage\":\"es\",\"@id\":\"https:\\\/\\\/palmerodespachante.uy\\\/#\\\/schema\\\/logo\\\/image\\\/\",\"url\":\"https:\\\/\\\/palmerodespachante.uy\\\/wp-content\\\/uploads\\\/2018\\\/08\\\/Logo-144.png\",\"contentUrl\":\"https:\\\/\\\/palmerodespachante.uy\\\/wp-content\\\/uploads\\\/2018\\\/08\\\/Logo-144.png\",\"width\":144,\"height\":144,\"caption\":\"Palmero Despachante de Aduanas\"},\"image\":{\"@id\":\"https:\\\/\\\/palmerodespachante.uy\\\/#\\\/schema\\\/logo\\\/image\\\/\"},\"sameAs\":[\"https:\\\/\\\/www.facebook.com\\\/despachantedeaduana.palmero?hc_ref=ARQPWzEmqFz3O_9qTlrxPP6NW-Vf1b4-iJdwH7XdkuWdfarefzfPyjY7DGBCye4mnJs\",\"https:\\\/\\\/www.linkedin.com\\\/company\\\/despachante-de-aduana-palmero\\\/\"]},{\"@type\":\"Person\",\"@id\":\"https:\\\/\\\/palmerodespachante.uy\\\/#\\\/schema\\\/person\\\/9eabdcdc87fc74d275cc2faf2ce2f732\",\"name\":\"Javier Palmero\",\"image\":{\"@type\":\"ImageObject\",\"inLanguage\":\"es\",\"@id\":\"https:\\\/\\\/palmerodespachante.uy\\\/wp-content\\\/litespeed\\\/avatar\\\/8e783966089c8fa82b27a6627fb956c2.jpg?ver=1777463218\",\"url\":\"https:\\\/\\\/palmerodespachante.uy\\\/wp-content\\\/litespeed\\\/avatar\\\/8e783966089c8fa82b27a6627fb956c2.jpg?ver=1777463218\",\"contentUrl\":\"https:\\\/\\\/palmerodespachante.uy\\\/wp-content\\\/litespeed\\\/avatar\\\/8e783966089c8fa82b27a6627fb956c2.jpg?ver=1777463218\",\"caption\":\"Javier Palmero\"}}]}<\/script>\n<!-- \/ Yoast SEO plugin. -->","yoast_head_json":{"title":"El d\u00e9ficit comercial en los EEUU lleg\u00f3 a un r\u00e9cord por la ola de importaciones antes de los aranceles - Palmero Despachante de Aduana","robots":{"index":"noindex","follow":"follow"},"og_locale":"es_ES","og_type":"article","og_title":"El d\u00e9ficit comercial en los EEUU lleg\u00f3 a un r\u00e9cord por la ola de importaciones antes de los aranceles - Palmero Despachante de Aduana","og_description":"El d\u00e9ficit comercial de bienes y servicios aument\u00f3 14% con respecto al mes anterior y alcanz\u00f3 los u$s140.500 millones. Las\u00a0empresas\u00a0en\u00a0Estados Unidos\u00a0se apresuraron a importar productos mientras la administraci\u00f3n Trump\u00a0preparaba su bater\u00eda de aranceles. As\u00ed, el resultado fue que el d\u00e9ficit comercial de Estados Unidos se ampli\u00f3 a un r\u00e9cord en marzo, ya que el d\u00e9ficit [&hellip;]","og_url":"https:\/\/palmerodespachante.uy\/index.php\/2025\/05\/07\/el-deficit-comercial-en-los-eeuu-llego-a-un-record-por-la-ola-de-importaciones-antes-de-los-aranceles\/","og_site_name":"Palmero Despachante de Aduana","article_publisher":"https:\/\/www.facebook.com\/despachantedeaduana.palmero?hc_ref=ARQPWzEmqFz3O_9qTlrxPP6NW-Vf1b4-iJdwH7XdkuWdfarefzfPyjY7DGBCye4mnJs","article_published_time":"2025-05-07T13:07:24+00:00","article_modified_time":"2025-05-07T13:07:25+00:00","og_image":[{"width":1200,"height":675,"url":"http:\/\/palmerodespachante.uy\/wp-content\/uploads\/2025\/05\/DEFICIT-USA.jpg","type":"image\/jpeg"}],"author":"Javier Palmero","twitter_card":"summary_large_image","twitter_misc":{"Escrito por":"Javier Palmero","Tiempo de lectura":"2 minutos"},"schema":{"@context":"https:\/\/schema.org","@graph":[{"@type":"Article","@id":"https:\/\/palmerodespachante.uy\/index.php\/2025\/05\/07\/el-deficit-comercial-en-los-eeuu-llego-a-un-record-por-la-ola-de-importaciones-antes-de-los-aranceles\/#article","isPartOf":{"@id":"https:\/\/palmerodespachante.uy\/index.php\/2025\/05\/07\/el-deficit-comercial-en-los-eeuu-llego-a-un-record-por-la-ola-de-importaciones-antes-de-los-aranceles\/"},"author":{"name":"Javier Palmero","@id":"https:\/\/palmerodespachante.uy\/#\/schema\/person\/9eabdcdc87fc74d275cc2faf2ce2f732"},"headline":"El d\u00e9ficit comercial en los EEUU lleg\u00f3 a un r\u00e9cord por la ola de importaciones antes de los aranceles","datePublished":"2025-05-07T13:07:24+00:00","dateModified":"2025-05-07T13:07:25+00:00","mainEntityOfPage":{"@id":"https:\/\/palmerodespachante.uy\/index.php\/2025\/05\/07\/el-deficit-comercial-en-los-eeuu-llego-a-un-record-por-la-ola-de-importaciones-antes-de-los-aranceles\/"},"wordCount":354,"commentCount":0,"publisher":{"@id":"https:\/\/palmerodespachante.uy\/#organization"},"image":{"@id":"https:\/\/palmerodespachante.uy\/index.php\/2025\/05\/07\/el-deficit-comercial-en-los-eeuu-llego-a-un-record-por-la-ola-de-importaciones-antes-de-los-aranceles\/#primaryimage"},"thumbnailUrl":"https:\/\/palmerodespachante.uy\/wp-content\/uploads\/2025\/05\/DEFICIT-USA.jpg","inLanguage":"es","potentialAction":[{"@type":"CommentAction","name":"Comment","target":["https:\/\/palmerodespachante.uy\/index.php\/2025\/05\/07\/el-deficit-comercial-en-los-eeuu-llego-a-un-record-por-la-ola-de-importaciones-antes-de-los-aranceles\/#respond"]}]},{"@type":"WebPage","@id":"https:\/\/palmerodespachante.uy\/index.php\/2025\/05\/07\/el-deficit-comercial-en-los-eeuu-llego-a-un-record-por-la-ola-de-importaciones-antes-de-los-aranceles\/","url":"https:\/\/palmerodespachante.uy\/index.php\/2025\/05\/07\/el-deficit-comercial-en-los-eeuu-llego-a-un-record-por-la-ola-de-importaciones-antes-de-los-aranceles\/","name":"El d\u00e9ficit comercial en los EEUU lleg\u00f3 a un r\u00e9cord por la ola de importaciones antes de los aranceles - Palmero Despachante de Aduana","isPartOf":{"@id":"https:\/\/palmerodespachante.uy\/#website"},"primaryImageOfPage":{"@id":"https:\/\/palmerodespachante.uy\/index.php\/2025\/05\/07\/el-deficit-comercial-en-los-eeuu-llego-a-un-record-por-la-ola-de-importaciones-antes-de-los-aranceles\/#primaryimage"},"image":{"@id":"https:\/\/palmerodespachante.uy\/index.php\/2025\/05\/07\/el-deficit-comercial-en-los-eeuu-llego-a-un-record-por-la-ola-de-importaciones-antes-de-los-aranceles\/#primaryimage"},"thumbnailUrl":"https:\/\/palmerodespachante.uy\/wp-content\/uploads\/2025\/05\/DEFICIT-USA.jpg","datePublished":"2025-05-07T13:07:24+00:00","dateModified":"2025-05-07T13:07:25+00:00","breadcrumb":{"@id":"https:\/\/palmerodespachante.uy\/index.php\/2025\/05\/07\/el-deficit-comercial-en-los-eeuu-llego-a-un-record-por-la-ola-de-importaciones-antes-de-los-aranceles\/#breadcrumb"},"inLanguage":"es","potentialAction":[{"@type":"ReadAction","target":["https:\/\/palmerodespachante.uy\/index.php\/2025\/05\/07\/el-deficit-comercial-en-los-eeuu-llego-a-un-record-por-la-ola-de-importaciones-antes-de-los-aranceles\/"]}]},{"@type":"ImageObject","inLanguage":"es","@id":"https:\/\/palmerodespachante.uy\/index.php\/2025\/05\/07\/el-deficit-comercial-en-los-eeuu-llego-a-un-record-por-la-ola-de-importaciones-antes-de-los-aranceles\/#primaryimage","url":"https:\/\/palmerodespachante.uy\/wp-content\/uploads\/2025\/05\/DEFICIT-USA.jpg","contentUrl":"https:\/\/palmerodespachante.uy\/wp-content\/uploads\/2025\/05\/DEFICIT-USA.jpg","width":1200,"height":675},{"@type":"BreadcrumbList","@id":"https:\/\/palmerodespachante.uy\/index.php\/2025\/05\/07\/el-deficit-comercial-en-los-eeuu-llego-a-un-record-por-la-ola-de-importaciones-antes-de-los-aranceles\/#breadcrumb","itemListElement":[{"@type":"ListItem","position":1,"name":"Portada","item":"https:\/\/palmerodespachante.uy\/"},{"@type":"ListItem","position":2,"name":"El d\u00e9ficit comercial en los EEUU lleg\u00f3 a un r\u00e9cord por la ola de importaciones antes de los aranceles"}]},{"@type":"WebSite","@id":"https:\/\/palmerodespachante.uy\/#website","url":"https:\/\/palmerodespachante.uy\/","name":"Palmero Despachante de Aduana","description":"Importaci\u00f3n, Exportaci\u00f3n, Tr\u00e1nsito","publisher":{"@id":"https:\/\/palmerodespachante.uy\/#organization"},"potentialAction":[{"@type":"SearchAction","target":{"@type":"EntryPoint","urlTemplate":"https:\/\/palmerodespachante.uy\/?s={search_term_string}"},"query-input":{"@type":"PropertyValueSpecification","valueRequired":true,"valueName":"search_term_string"}}],"inLanguage":"es"},{"@type":"Organization","@id":"https:\/\/palmerodespachante.uy\/#organization","name":"Palmero Despachante de Aduanas","url":"https:\/\/palmerodespachante.uy\/","logo":{"@type":"ImageObject","inLanguage":"es","@id":"https:\/\/palmerodespachante.uy\/#\/schema\/logo\/image\/","url":"https:\/\/palmerodespachante.uy\/wp-content\/uploads\/2018\/08\/Logo-144.png","contentUrl":"https:\/\/palmerodespachante.uy\/wp-content\/uploads\/2018\/08\/Logo-144.png","width":144,"height":144,"caption":"Palmero Despachante de Aduanas"},"image":{"@id":"https:\/\/palmerodespachante.uy\/#\/schema\/logo\/image\/"},"sameAs":["https:\/\/www.facebook.com\/despachantedeaduana.palmero?hc_ref=ARQPWzEmqFz3O_9qTlrxPP6NW-Vf1b4-iJdwH7XdkuWdfarefzfPyjY7DGBCye4mnJs","https:\/\/www.linkedin.com\/company\/despachante-de-aduana-palmero\/"]},{"@type":"Person","@id":"https:\/\/palmerodespachante.uy\/#\/schema\/person\/9eabdcdc87fc74d275cc2faf2ce2f732","name":"Javier Palmero","image":{"@type":"ImageObject","inLanguage":"es","@id":"https:\/\/palmerodespachante.uy\/wp-content\/litespeed\/avatar\/8e783966089c8fa82b27a6627fb956c2.jpg?ver=1777463218","url":"https:\/\/palmerodespachante.uy\/wp-content\/litespeed\/avatar\/8e783966089c8fa82b27a6627fb956c2.jpg?ver=1777463218","contentUrl":"https:\/\/palmerodespachante.uy\/wp-content\/litespeed\/avatar\/8e783966089c8fa82b27a6627fb956c2.jpg?ver=1777463218","caption":"Javier Palmero"}}]}},"jetpack_featured_media_url":"https:\/\/palmerodespachante.uy\/wp-content\/uploads\/2025\/05\/DEFICIT-USA.jpg","_links":{"self":[{"href":"https:\/\/palmerodespachante.uy\/index.php\/wp-json\/wp\/v2\/posts\/1399","targetHints":{"allow":["GET"]}}],"collection":[{"href":"https:\/\/palmerodespachante.uy\/index.php\/wp-json\/wp\/v2\/posts"}],"about":[{"href":"https:\/\/palmerodespachante.uy\/index.php\/wp-json\/wp\/v2\/types\/post"}],"author":[{"embeddable":true,"href":"https:\/\/palmerodespachante.uy\/index.php\/wp-json\/wp\/v2\/users\/3"}],"replies":[{"embeddable":true,"href":"https:\/\/palmerodespachante.uy\/index.php\/wp-json\/wp\/v2\/comments?post=1399"}],"version-history":[{"count":1,"href":"https:\/\/palmerodespachante.uy\/index.php\/wp-json\/wp\/v2\/posts\/1399\/revisions"}],"predecessor-version":[{"id":1401,"href":"https:\/\/palmerodespachante.uy\/index.php\/wp-json\/wp\/v2\/posts\/1399\/revisions\/1401"}],"wp:featuredmedia":[{"embeddable":true,"href":"https:\/\/palmerodespachante.uy\/index.php\/wp-json\/wp\/v2\/media\/1400"}],"wp:attachment":[{"href":"https:\/\/palmerodespachante.uy\/index.php\/wp-json\/wp\/v2\/media?parent=1399"}],"wp:term":[{"taxonomy":"category","embeddable":true,"href":"https:\/\/palmerodespachante.uy\/index.php\/wp-json\/wp\/v2\/categories?post=1399"},{"taxonomy":"post_tag","embeddable":true,"href":"https:\/\/palmerodespachante.uy\/index.php\/wp-json\/wp\/v2\/tags?post=1399"}],"curies":[{"name":"wp","href":"https:\/\/api.w.org\/{rel}","templated":true}]}}