{"id":1392,"date":"2025-04-30T09:28:23","date_gmt":"2025-04-30T12:28:23","guid":{"rendered":"https:\/\/palmerodespachante.uy\/?p=1392"},"modified":"2025-04-30T09:28:24","modified_gmt":"2025-04-30T12:28:24","slug":"el-deficit-comercial-de-estados-unidos-pulveriza-nuevos-records-por-culpa-de-los-aranceles-de-donald-trump","status":"publish","type":"post","link":"https:\/\/palmerodespachante.uy\/index.php\/2025\/04\/30\/el-deficit-comercial-de-estados-unidos-pulveriza-nuevos-records-por-culpa-de-los-aranceles-de-donald-trump\/","title":{"rendered":"El d\u00e9ficit comercial de Estados Unidos pulveriza nuevos r\u00e9cords por culpa de los aranceles de Donald Trump"},"content":{"rendered":"\n<p>El objetivo de Donald Trump con sus aranceles es reducir el d\u00e9ficit comercial de Estados Unidos. Por ahora, sin embargo, est\u00e1 consiguiendo justamente lo contrario. Empresas y consumidores han acelerado sus compras ante el temor a los nuevos impuestos y el desfase comercial de los primeros tres meses del a\u00f1o no tiene precedentes. En marzo, el d\u00e9ficit comercial se dispar\u00f3 un 75% en comparaci\u00f3n con el mismo mes del a\u00f1o anterior, b\u00e1sicamente por el aumento de las importaciones, seg\u00fan los datos provisionales avanzados por la oficina del Censo de Estados Unidos.<\/p>\n\n\n\n<p>La primera econom\u00eda del mundo import\u00f3 bienes por importe de 342.746 millones de d\u00f3lares en el primer trimestre, un aumento del 31% con respecto al mismo mes de 2024, con datos desestacionalizados. Mientras, las exportaciones al exterior fueron de 180.761 millones de d\u00f3lares, un 6,8% m\u00e1s. Como consecuencia de eso, el d\u00e9ficit se dispar\u00f3 un 75%, hasta los 161.985 millones de d\u00f3lares, una cifra sin precedentes en la historia de Estados Unidos.<\/p>\n\n\n\n<p>En los tres primeros meses del a\u00f1o, el d\u00e9ficit comercial suma ya 464.475 millones de d\u00f3lares, un desfase que lastra el producto interior bruto estadounidense, en el que las importaciones restan y las exportaciones suben.<\/p>\n\n\n\n<p>En marzo se dispararon especialmente las importaciones de bienes de consumo, un 55,5%, pero tambi\u00e9n los suministros industriales, un 37,8%, siempre seg\u00fan los datos adelantados del Censo.<\/p>\n\n\n\n<p>La impresi\u00f3n es que las empresas y consumidores adelantaron las compras ante de la llegada del mal llamado tercer D\u00eda de la Liberaci\u00f3n, el 2 de abril,\u00a0<a href=\"https:\/\/elpais.com\/internacional\/2025-04-02\/trump-declara-la-guerra-comercial-al-mundo-con-aranceles-minimos-del-10-y-tasas-mayores-a-sus-principales-socios-comerciales.html\" target=\"_blank\" rel=\"noreferrer noopener\">cuando Trump declar\u00f3 la guerra comercial al mundo<\/a>\u00a0con una subida de los aranceles hasta los niveles m\u00e1s altos en m\u00e1s de un siglo.<a target=\"_blank\" rel=\"noreferrer noopener\"><\/a><\/p>\n\n\n\n<p><a target=\"_blank\" rel=\"noreferrer noopener\"><\/a><\/p>\n\n\n\n<p><a target=\"_blank\" rel=\"noreferrer noopener\"><\/a><\/p>\n\n\n\n<p>Aunque el presidente ha ido rectificando y parcheando&nbsp;<a href=\"https:\/\/elpais.com\/internacional\/2025-04-09\/trump-cede-a-la-presion-de-los-mercados-y-aprueba-una-tregua-de-90-dias-en-la-guerra-comercial.html\" rel=\"noreferrer noopener\" target=\"_blank\">su pol\u00edtica comercial ante la presi\u00f3n de los mercados<\/a>&nbsp;\u2014rebajando los aranceles a gran parte de los pa\u00edses, concediendo excepciones y buscando ahora desescalar el conflicto con China\u2014, todav\u00eda siguen en vigor impuestos a las importaciones mucho m\u00e1s altos que los que hab\u00eda en marzo.<\/p>\n\n\n\n<p>Las empresas aprovecharon y adelantaron los compras, esquivando el golpe arancelario, seg\u00fan se deduce de las cifras. El aumento del agujero comercial estadounidense es en gran parte un da\u00f1o autoinfligido por las autoridades. Aun as\u00ed, tender\u00e1 a corregirse o compensarse en meses sucesivos.v<\/p>\n","protected":false},"excerpt":{"rendered":"<p>El objetivo de Donald Trump con sus aranceles es reducir el d\u00e9ficit comercial de Estados Unidos. Por ahora, sin embargo, est\u00e1 consiguiendo justamente lo contrario. Empresas y consumidores han acelerado sus compras ante el temor a los nuevos impuestos y el desfase comercial de los primeros tres meses del a\u00f1o no tiene precedentes. En marzo, [&hellip;]<\/p>\n","protected":false},"author":3,"featured_media":1393,"comment_status":"open","ping_status":"open","sticky":false,"template":"","format":"standard","meta":{"_joinchat":[],"footnotes":""},"categories":[37],"tags":[],"class_list":{"0":"post-1392","1":"post","2":"type-post","3":"status-publish","4":"format-standard","5":"has-post-thumbnail","7":"category-noticias"},"yoast_head":"<!-- This site is optimized with the Yoast SEO plugin v27.5 - https:\/\/yoast.com\/product\/yoast-seo-wordpress\/ -->\n<title>El d\u00e9ficit comercial de Estados Unidos pulveriza nuevos r\u00e9cords por culpa de los aranceles de Donald Trump - Palmero Despachante de Aduana<\/title>\n<meta name=\"robots\" content=\"noindex, follow\" \/>\n<meta property=\"og:locale\" content=\"es_ES\" \/>\n<meta property=\"og:type\" content=\"article\" \/>\n<meta property=\"og:title\" content=\"El d\u00e9ficit comercial de Estados Unidos pulveriza nuevos r\u00e9cords por culpa de los aranceles de Donald Trump - Palmero Despachante de Aduana\" \/>\n<meta property=\"og:description\" content=\"El objetivo de Donald Trump con sus aranceles es reducir el d\u00e9ficit comercial de Estados Unidos. Por ahora, sin embargo, est\u00e1 consiguiendo justamente lo contrario. Empresas y consumidores han acelerado sus compras ante el temor a los nuevos impuestos y el desfase comercial de los primeros tres meses del a\u00f1o no tiene precedentes. En marzo, [&hellip;]\" \/>\n<meta property=\"og:url\" content=\"https:\/\/palmerodespachante.uy\/index.php\/2025\/04\/30\/el-deficit-comercial-de-estados-unidos-pulveriza-nuevos-records-por-culpa-de-los-aranceles-de-donald-trump\/\" \/>\n<meta property=\"og:site_name\" content=\"Palmero Despachante de Aduana\" \/>\n<meta property=\"article:publisher\" content=\"https:\/\/www.facebook.com\/despachantedeaduana.palmero?hc_ref=ARQPWzEmqFz3O_9qTlrxPP6NW-Vf1b4-iJdwH7XdkuWdfarefzfPyjY7DGBCye4mnJs\" \/>\n<meta property=\"article:published_time\" content=\"2025-04-30T12:28:23+00:00\" \/>\n<meta property=\"article:modified_time\" content=\"2025-04-30T12:28:24+00:00\" \/>\n<meta property=\"og:image\" content=\"http:\/\/palmerodespachante.uy\/wp-content\/uploads\/2025\/04\/Estados-Unidos.jpg\" \/>\n\t<meta property=\"og:image:width\" content=\"768\" \/>\n\t<meta property=\"og:image:height\" content=\"431\" \/>\n\t<meta property=\"og:image:type\" content=\"image\/jpeg\" \/>\n<meta name=\"author\" content=\"Javier Palmero\" \/>\n<meta name=\"twitter:card\" content=\"summary_large_image\" \/>\n<meta name=\"twitter:label1\" content=\"Escrito por\" \/>\n\t<meta name=\"twitter:data1\" content=\"Javier Palmero\" \/>\n\t<meta name=\"twitter:label2\" content=\"Tiempo de lectura\" \/>\n\t<meta name=\"twitter:data2\" content=\"2 minutos\" \/>\n<script type=\"application\/ld+json\" class=\"yoast-schema-graph\">{\"@context\":\"https:\\\/\\\/schema.org\",\"@graph\":[{\"@type\":\"Article\",\"@id\":\"https:\\\/\\\/palmerodespachante.uy\\\/index.php\\\/2025\\\/04\\\/30\\\/el-deficit-comercial-de-estados-unidos-pulveriza-nuevos-records-por-culpa-de-los-aranceles-de-donald-trump\\\/#article\",\"isPartOf\":{\"@id\":\"https:\\\/\\\/palmerodespachante.uy\\\/index.php\\\/2025\\\/04\\\/30\\\/el-deficit-comercial-de-estados-unidos-pulveriza-nuevos-records-por-culpa-de-los-aranceles-de-donald-trump\\\/\"},\"author\":{\"name\":\"Javier Palmero\",\"@id\":\"https:\\\/\\\/palmerodespachante.uy\\\/#\\\/schema\\\/person\\\/9eabdcdc87fc74d275cc2faf2ce2f732\"},\"headline\":\"El d\u00e9ficit comercial de Estados Unidos pulveriza nuevos r\u00e9cords por culpa de los aranceles de Donald Trump\",\"datePublished\":\"2025-04-30T12:28:23+00:00\",\"dateModified\":\"2025-04-30T12:28:24+00:00\",\"mainEntityOfPage\":{\"@id\":\"https:\\\/\\\/palmerodespachante.uy\\\/index.php\\\/2025\\\/04\\\/30\\\/el-deficit-comercial-de-estados-unidos-pulveriza-nuevos-records-por-culpa-de-los-aranceles-de-donald-trump\\\/\"},\"wordCount\":413,\"commentCount\":0,\"publisher\":{\"@id\":\"https:\\\/\\\/palmerodespachante.uy\\\/#organization\"},\"image\":{\"@id\":\"https:\\\/\\\/palmerodespachante.uy\\\/index.php\\\/2025\\\/04\\\/30\\\/el-deficit-comercial-de-estados-unidos-pulveriza-nuevos-records-por-culpa-de-los-aranceles-de-donald-trump\\\/#primaryimage\"},\"thumbnailUrl\":\"https:\\\/\\\/palmerodespachante.uy\\\/wp-content\\\/uploads\\\/2025\\\/04\\\/Estados-Unidos.jpg\",\"articleSection\":[\"Noticias\"],\"inLanguage\":\"es\",\"potentialAction\":[{\"@type\":\"CommentAction\",\"name\":\"Comment\",\"target\":[\"https:\\\/\\\/palmerodespachante.uy\\\/index.php\\\/2025\\\/04\\\/30\\\/el-deficit-comercial-de-estados-unidos-pulveriza-nuevos-records-por-culpa-de-los-aranceles-de-donald-trump\\\/#respond\"]}]},{\"@type\":\"WebPage\",\"@id\":\"https:\\\/\\\/palmerodespachante.uy\\\/index.php\\\/2025\\\/04\\\/30\\\/el-deficit-comercial-de-estados-unidos-pulveriza-nuevos-records-por-culpa-de-los-aranceles-de-donald-trump\\\/\",\"url\":\"https:\\\/\\\/palmerodespachante.uy\\\/index.php\\\/2025\\\/04\\\/30\\\/el-deficit-comercial-de-estados-unidos-pulveriza-nuevos-records-por-culpa-de-los-aranceles-de-donald-trump\\\/\",\"name\":\"El d\u00e9ficit comercial de Estados Unidos pulveriza nuevos r\u00e9cords por culpa de los aranceles de Donald Trump - Palmero Despachante de Aduana\",\"isPartOf\":{\"@id\":\"https:\\\/\\\/palmerodespachante.uy\\\/#website\"},\"primaryImageOfPage\":{\"@id\":\"https:\\\/\\\/palmerodespachante.uy\\\/index.php\\\/2025\\\/04\\\/30\\\/el-deficit-comercial-de-estados-unidos-pulveriza-nuevos-records-por-culpa-de-los-aranceles-de-donald-trump\\\/#primaryimage\"},\"image\":{\"@id\":\"https:\\\/\\\/palmerodespachante.uy\\\/index.php\\\/2025\\\/04\\\/30\\\/el-deficit-comercial-de-estados-unidos-pulveriza-nuevos-records-por-culpa-de-los-aranceles-de-donald-trump\\\/#primaryimage\"},\"thumbnailUrl\":\"https:\\\/\\\/palmerodespachante.uy\\\/wp-content\\\/uploads\\\/2025\\\/04\\\/Estados-Unidos.jpg\",\"datePublished\":\"2025-04-30T12:28:23+00:00\",\"dateModified\":\"2025-04-30T12:28:24+00:00\",\"breadcrumb\":{\"@id\":\"https:\\\/\\\/palmerodespachante.uy\\\/index.php\\\/2025\\\/04\\\/30\\\/el-deficit-comercial-de-estados-unidos-pulveriza-nuevos-records-por-culpa-de-los-aranceles-de-donald-trump\\\/#breadcrumb\"},\"inLanguage\":\"es\",\"potentialAction\":[{\"@type\":\"ReadAction\",\"target\":[\"https:\\\/\\\/palmerodespachante.uy\\\/index.php\\\/2025\\\/04\\\/30\\\/el-deficit-comercial-de-estados-unidos-pulveriza-nuevos-records-por-culpa-de-los-aranceles-de-donald-trump\\\/\"]}]},{\"@type\":\"ImageObject\",\"inLanguage\":\"es\",\"@id\":\"https:\\\/\\\/palmerodespachante.uy\\\/index.php\\\/2025\\\/04\\\/30\\\/el-deficit-comercial-de-estados-unidos-pulveriza-nuevos-records-por-culpa-de-los-aranceles-de-donald-trump\\\/#primaryimage\",\"url\":\"https:\\\/\\\/palmerodespachante.uy\\\/wp-content\\\/uploads\\\/2025\\\/04\\\/Estados-Unidos.jpg\",\"contentUrl\":\"https:\\\/\\\/palmerodespachante.uy\\\/wp-content\\\/uploads\\\/2025\\\/04\\\/Estados-Unidos.jpg\",\"width\":768,\"height\":431},{\"@type\":\"BreadcrumbList\",\"@id\":\"https:\\\/\\\/palmerodespachante.uy\\\/index.php\\\/2025\\\/04\\\/30\\\/el-deficit-comercial-de-estados-unidos-pulveriza-nuevos-records-por-culpa-de-los-aranceles-de-donald-trump\\\/#breadcrumb\",\"itemListElement\":[{\"@type\":\"ListItem\",\"position\":1,\"name\":\"Portada\",\"item\":\"https:\\\/\\\/palmerodespachante.uy\\\/\"},{\"@type\":\"ListItem\",\"position\":2,\"name\":\"El d\u00e9ficit comercial de Estados Unidos pulveriza nuevos r\u00e9cords por culpa de los aranceles de Donald Trump\"}]},{\"@type\":\"WebSite\",\"@id\":\"https:\\\/\\\/palmerodespachante.uy\\\/#website\",\"url\":\"https:\\\/\\\/palmerodespachante.uy\\\/\",\"name\":\"Palmero Despachante de Aduana\",\"description\":\"Importaci\u00f3n, Exportaci\u00f3n, Tr\u00e1nsito\",\"publisher\":{\"@id\":\"https:\\\/\\\/palmerodespachante.uy\\\/#organization\"},\"potentialAction\":[{\"@type\":\"SearchAction\",\"target\":{\"@type\":\"EntryPoint\",\"urlTemplate\":\"https:\\\/\\\/palmerodespachante.uy\\\/?s={search_term_string}\"},\"query-input\":{\"@type\":\"PropertyValueSpecification\",\"valueRequired\":true,\"valueName\":\"search_term_string\"}}],\"inLanguage\":\"es\"},{\"@type\":\"Organization\",\"@id\":\"https:\\\/\\\/palmerodespachante.uy\\\/#organization\",\"name\":\"Palmero Despachante de Aduanas\",\"url\":\"https:\\\/\\\/palmerodespachante.uy\\\/\",\"logo\":{\"@type\":\"ImageObject\",\"inLanguage\":\"es\",\"@id\":\"https:\\\/\\\/palmerodespachante.uy\\\/#\\\/schema\\\/logo\\\/image\\\/\",\"url\":\"https:\\\/\\\/palmerodespachante.uy\\\/wp-content\\\/uploads\\\/2018\\\/08\\\/Logo-144.png\",\"contentUrl\":\"https:\\\/\\\/palmerodespachante.uy\\\/wp-content\\\/uploads\\\/2018\\\/08\\\/Logo-144.png\",\"width\":144,\"height\":144,\"caption\":\"Palmero Despachante de Aduanas\"},\"image\":{\"@id\":\"https:\\\/\\\/palmerodespachante.uy\\\/#\\\/schema\\\/logo\\\/image\\\/\"},\"sameAs\":[\"https:\\\/\\\/www.facebook.com\\\/despachantedeaduana.palmero?hc_ref=ARQPWzEmqFz3O_9qTlrxPP6NW-Vf1b4-iJdwH7XdkuWdfarefzfPyjY7DGBCye4mnJs\",\"https:\\\/\\\/www.linkedin.com\\\/company\\\/despachante-de-aduana-palmero\\\/\"]},{\"@type\":\"Person\",\"@id\":\"https:\\\/\\\/palmerodespachante.uy\\\/#\\\/schema\\\/person\\\/9eabdcdc87fc74d275cc2faf2ce2f732\",\"name\":\"Javier Palmero\",\"image\":{\"@type\":\"ImageObject\",\"inLanguage\":\"es\",\"@id\":\"https:\\\/\\\/palmerodespachante.uy\\\/wp-content\\\/litespeed\\\/avatar\\\/8e783966089c8fa82b27a6627fb956c2.jpg?ver=1777463218\",\"url\":\"https:\\\/\\\/palmerodespachante.uy\\\/wp-content\\\/litespeed\\\/avatar\\\/8e783966089c8fa82b27a6627fb956c2.jpg?ver=1777463218\",\"contentUrl\":\"https:\\\/\\\/palmerodespachante.uy\\\/wp-content\\\/litespeed\\\/avatar\\\/8e783966089c8fa82b27a6627fb956c2.jpg?ver=1777463218\",\"caption\":\"Javier Palmero\"}}]}<\/script>\n<!-- \/ Yoast SEO plugin. -->","yoast_head_json":{"title":"El d\u00e9ficit comercial de Estados Unidos pulveriza nuevos r\u00e9cords por culpa de los aranceles de Donald Trump - Palmero Despachante de Aduana","robots":{"index":"noindex","follow":"follow"},"og_locale":"es_ES","og_type":"article","og_title":"El d\u00e9ficit comercial de Estados Unidos pulveriza nuevos r\u00e9cords por culpa de los aranceles de Donald Trump - Palmero Despachante de Aduana","og_description":"El objetivo de Donald Trump con sus aranceles es reducir el d\u00e9ficit comercial de Estados Unidos. Por ahora, sin embargo, est\u00e1 consiguiendo justamente lo contrario. Empresas y consumidores han acelerado sus compras ante el temor a los nuevos impuestos y el desfase comercial de los primeros tres meses del a\u00f1o no tiene precedentes. En marzo, [&hellip;]","og_url":"https:\/\/palmerodespachante.uy\/index.php\/2025\/04\/30\/el-deficit-comercial-de-estados-unidos-pulveriza-nuevos-records-por-culpa-de-los-aranceles-de-donald-trump\/","og_site_name":"Palmero Despachante de Aduana","article_publisher":"https:\/\/www.facebook.com\/despachantedeaduana.palmero?hc_ref=ARQPWzEmqFz3O_9qTlrxPP6NW-Vf1b4-iJdwH7XdkuWdfarefzfPyjY7DGBCye4mnJs","article_published_time":"2025-04-30T12:28:23+00:00","article_modified_time":"2025-04-30T12:28:24+00:00","og_image":[{"width":768,"height":431,"url":"http:\/\/palmerodespachante.uy\/wp-content\/uploads\/2025\/04\/Estados-Unidos.jpg","type":"image\/jpeg"}],"author":"Javier Palmero","twitter_card":"summary_large_image","twitter_misc":{"Escrito por":"Javier Palmero","Tiempo de lectura":"2 minutos"},"schema":{"@context":"https:\/\/schema.org","@graph":[{"@type":"Article","@id":"https:\/\/palmerodespachante.uy\/index.php\/2025\/04\/30\/el-deficit-comercial-de-estados-unidos-pulveriza-nuevos-records-por-culpa-de-los-aranceles-de-donald-trump\/#article","isPartOf":{"@id":"https:\/\/palmerodespachante.uy\/index.php\/2025\/04\/30\/el-deficit-comercial-de-estados-unidos-pulveriza-nuevos-records-por-culpa-de-los-aranceles-de-donald-trump\/"},"author":{"name":"Javier Palmero","@id":"https:\/\/palmerodespachante.uy\/#\/schema\/person\/9eabdcdc87fc74d275cc2faf2ce2f732"},"headline":"El d\u00e9ficit comercial de Estados Unidos pulveriza nuevos r\u00e9cords por culpa de los aranceles de Donald Trump","datePublished":"2025-04-30T12:28:23+00:00","dateModified":"2025-04-30T12:28:24+00:00","mainEntityOfPage":{"@id":"https:\/\/palmerodespachante.uy\/index.php\/2025\/04\/30\/el-deficit-comercial-de-estados-unidos-pulveriza-nuevos-records-por-culpa-de-los-aranceles-de-donald-trump\/"},"wordCount":413,"commentCount":0,"publisher":{"@id":"https:\/\/palmerodespachante.uy\/#organization"},"image":{"@id":"https:\/\/palmerodespachante.uy\/index.php\/2025\/04\/30\/el-deficit-comercial-de-estados-unidos-pulveriza-nuevos-records-por-culpa-de-los-aranceles-de-donald-trump\/#primaryimage"},"thumbnailUrl":"https:\/\/palmerodespachante.uy\/wp-content\/uploads\/2025\/04\/Estados-Unidos.jpg","articleSection":["Noticias"],"inLanguage":"es","potentialAction":[{"@type":"CommentAction","name":"Comment","target":["https:\/\/palmerodespachante.uy\/index.php\/2025\/04\/30\/el-deficit-comercial-de-estados-unidos-pulveriza-nuevos-records-por-culpa-de-los-aranceles-de-donald-trump\/#respond"]}]},{"@type":"WebPage","@id":"https:\/\/palmerodespachante.uy\/index.php\/2025\/04\/30\/el-deficit-comercial-de-estados-unidos-pulveriza-nuevos-records-por-culpa-de-los-aranceles-de-donald-trump\/","url":"https:\/\/palmerodespachante.uy\/index.php\/2025\/04\/30\/el-deficit-comercial-de-estados-unidos-pulveriza-nuevos-records-por-culpa-de-los-aranceles-de-donald-trump\/","name":"El d\u00e9ficit comercial de Estados Unidos pulveriza nuevos r\u00e9cords por culpa de los aranceles de Donald Trump - Palmero Despachante de Aduana","isPartOf":{"@id":"https:\/\/palmerodespachante.uy\/#website"},"primaryImageOfPage":{"@id":"https:\/\/palmerodespachante.uy\/index.php\/2025\/04\/30\/el-deficit-comercial-de-estados-unidos-pulveriza-nuevos-records-por-culpa-de-los-aranceles-de-donald-trump\/#primaryimage"},"image":{"@id":"https:\/\/palmerodespachante.uy\/index.php\/2025\/04\/30\/el-deficit-comercial-de-estados-unidos-pulveriza-nuevos-records-por-culpa-de-los-aranceles-de-donald-trump\/#primaryimage"},"thumbnailUrl":"https:\/\/palmerodespachante.uy\/wp-content\/uploads\/2025\/04\/Estados-Unidos.jpg","datePublished":"2025-04-30T12:28:23+00:00","dateModified":"2025-04-30T12:28:24+00:00","breadcrumb":{"@id":"https:\/\/palmerodespachante.uy\/index.php\/2025\/04\/30\/el-deficit-comercial-de-estados-unidos-pulveriza-nuevos-records-por-culpa-de-los-aranceles-de-donald-trump\/#breadcrumb"},"inLanguage":"es","potentialAction":[{"@type":"ReadAction","target":["https:\/\/palmerodespachante.uy\/index.php\/2025\/04\/30\/el-deficit-comercial-de-estados-unidos-pulveriza-nuevos-records-por-culpa-de-los-aranceles-de-donald-trump\/"]}]},{"@type":"ImageObject","inLanguage":"es","@id":"https:\/\/palmerodespachante.uy\/index.php\/2025\/04\/30\/el-deficit-comercial-de-estados-unidos-pulveriza-nuevos-records-por-culpa-de-los-aranceles-de-donald-trump\/#primaryimage","url":"https:\/\/palmerodespachante.uy\/wp-content\/uploads\/2025\/04\/Estados-Unidos.jpg","contentUrl":"https:\/\/palmerodespachante.uy\/wp-content\/uploads\/2025\/04\/Estados-Unidos.jpg","width":768,"height":431},{"@type":"BreadcrumbList","@id":"https:\/\/palmerodespachante.uy\/index.php\/2025\/04\/30\/el-deficit-comercial-de-estados-unidos-pulveriza-nuevos-records-por-culpa-de-los-aranceles-de-donald-trump\/#breadcrumb","itemListElement":[{"@type":"ListItem","position":1,"name":"Portada","item":"https:\/\/palmerodespachante.uy\/"},{"@type":"ListItem","position":2,"name":"El d\u00e9ficit comercial de Estados Unidos pulveriza nuevos r\u00e9cords por culpa de los aranceles de Donald Trump"}]},{"@type":"WebSite","@id":"https:\/\/palmerodespachante.uy\/#website","url":"https:\/\/palmerodespachante.uy\/","name":"Palmero Despachante de Aduana","description":"Importaci\u00f3n, Exportaci\u00f3n, Tr\u00e1nsito","publisher":{"@id":"https:\/\/palmerodespachante.uy\/#organization"},"potentialAction":[{"@type":"SearchAction","target":{"@type":"EntryPoint","urlTemplate":"https:\/\/palmerodespachante.uy\/?s={search_term_string}"},"query-input":{"@type":"PropertyValueSpecification","valueRequired":true,"valueName":"search_term_string"}}],"inLanguage":"es"},{"@type":"Organization","@id":"https:\/\/palmerodespachante.uy\/#organization","name":"Palmero Despachante de Aduanas","url":"https:\/\/palmerodespachante.uy\/","logo":{"@type":"ImageObject","inLanguage":"es","@id":"https:\/\/palmerodespachante.uy\/#\/schema\/logo\/image\/","url":"https:\/\/palmerodespachante.uy\/wp-content\/uploads\/2018\/08\/Logo-144.png","contentUrl":"https:\/\/palmerodespachante.uy\/wp-content\/uploads\/2018\/08\/Logo-144.png","width":144,"height":144,"caption":"Palmero Despachante de Aduanas"},"image":{"@id":"https:\/\/palmerodespachante.uy\/#\/schema\/logo\/image\/"},"sameAs":["https:\/\/www.facebook.com\/despachantedeaduana.palmero?hc_ref=ARQPWzEmqFz3O_9qTlrxPP6NW-Vf1b4-iJdwH7XdkuWdfarefzfPyjY7DGBCye4mnJs","https:\/\/www.linkedin.com\/company\/despachante-de-aduana-palmero\/"]},{"@type":"Person","@id":"https:\/\/palmerodespachante.uy\/#\/schema\/person\/9eabdcdc87fc74d275cc2faf2ce2f732","name":"Javier Palmero","image":{"@type":"ImageObject","inLanguage":"es","@id":"https:\/\/palmerodespachante.uy\/wp-content\/litespeed\/avatar\/8e783966089c8fa82b27a6627fb956c2.jpg?ver=1777463218","url":"https:\/\/palmerodespachante.uy\/wp-content\/litespeed\/avatar\/8e783966089c8fa82b27a6627fb956c2.jpg?ver=1777463218","contentUrl":"https:\/\/palmerodespachante.uy\/wp-content\/litespeed\/avatar\/8e783966089c8fa82b27a6627fb956c2.jpg?ver=1777463218","caption":"Javier Palmero"}}]}},"jetpack_featured_media_url":"https:\/\/palmerodespachante.uy\/wp-content\/uploads\/2025\/04\/Estados-Unidos.jpg","_links":{"self":[{"href":"https:\/\/palmerodespachante.uy\/index.php\/wp-json\/wp\/v2\/posts\/1392","targetHints":{"allow":["GET"]}}],"collection":[{"href":"https:\/\/palmerodespachante.uy\/index.php\/wp-json\/wp\/v2\/posts"}],"about":[{"href":"https:\/\/palmerodespachante.uy\/index.php\/wp-json\/wp\/v2\/types\/post"}],"author":[{"embeddable":true,"href":"https:\/\/palmerodespachante.uy\/index.php\/wp-json\/wp\/v2\/users\/3"}],"replies":[{"embeddable":true,"href":"https:\/\/palmerodespachante.uy\/index.php\/wp-json\/wp\/v2\/comments?post=1392"}],"version-history":[{"count":1,"href":"https:\/\/palmerodespachante.uy\/index.php\/wp-json\/wp\/v2\/posts\/1392\/revisions"}],"predecessor-version":[{"id":1394,"href":"https:\/\/palmerodespachante.uy\/index.php\/wp-json\/wp\/v2\/posts\/1392\/revisions\/1394"}],"wp:featuredmedia":[{"embeddable":true,"href":"https:\/\/palmerodespachante.uy\/index.php\/wp-json\/wp\/v2\/media\/1393"}],"wp:attachment":[{"href":"https:\/\/palmerodespachante.uy\/index.php\/wp-json\/wp\/v2\/media?parent=1392"}],"wp:term":[{"taxonomy":"category","embeddable":true,"href":"https:\/\/palmerodespachante.uy\/index.php\/wp-json\/wp\/v2\/categories?post=1392"},{"taxonomy":"post_tag","embeddable":true,"href":"https:\/\/palmerodespachante.uy\/index.php\/wp-json\/wp\/v2\/tags?post=1392"}],"curies":[{"name":"wp","href":"https:\/\/api.w.org\/{rel}","templated":true}]}}