{"id":1388,"date":"2025-04-21T15:40:23","date_gmt":"2025-04-21T18:40:23","guid":{"rendered":"https:\/\/palmerodespachante.uy\/?p=1388"},"modified":"2025-04-21T15:40:25","modified_gmt":"2025-04-21T18:40:25","slug":"el-fin-del-cepo-cambiario-en-argentina-que-puede-esperarse-en-uruguay","status":"publish","type":"post","link":"https:\/\/palmerodespachante.uy\/index.php\/2025\/04\/21\/el-fin-del-cepo-cambiario-en-argentina-que-puede-esperarse-en-uruguay\/","title":{"rendered":"EL FIN DEL CEPO CAMBIARIO EN ARGENTINA: \u00bfQU\u00c9  PUEDE ESPERARSE EN URUGUAY?"},"content":{"rendered":"\n<p>El gobierno de Argentina anunci\u00f3 el viernes pasado la eliminaci\u00f3n del control cambiario \u2013cepo\u2013 que reg\u00eda desde 2019, y con ello las personas f\u00edsicas est\u00e1n a autorizadas a operar libremente en el mercado. Esto implica que ya no existe el tope mensual de compra de US$ 200 ni restricciones vinculadas a subsidios, empleo p\u00fablico o ayuda estatal. Adem\u00e1s, se elimina el impuesto a la adquisici\u00f3n de moneda extranjera (salvo turismo y tarjetas). En simult\u00e1neo, se implement\u00f3 un nuevo r\u00e9gimen de flotaci\u00f3n del d\u00f3lar dentro de una banda m\u00f3vil que inicialmente va entre A$ 1.000 y A$ 1.400. \u00bfQu\u00e9 efectos pueden tener en la econom\u00eda uruguaya las medidas adoptadas por el gobierno que encabeza el presidente argentino Javier Milei?. El economista de PwC, Ram\u00f3n Pamp\u00edn, dijo que no resulta trivial que cerrado el acuerdo con el Fondo Monetario (FMI) se pase a este comienzo de salida del cepo cambiario. Argentina tiene reservas brutas por US$ 24 mil millones, que en t\u00e9rminos netos estaban en niveles negativos. En estas horas recibir\u00e1 una inyecci\u00f3n de US$ 19 mil millones y esto permite comenzar a salir, pasando a un sistema de bandas, que se van ampliando a raz\u00f3n de -1% mensual el piso y +1% mensual el techo de la banda. El economista se\u00f1al\u00f3 que las personas f\u00edsicas ya no tienen restricciones en el mercado de cambios, y que en el caso de las micro, peque\u00f1as y medianas empresas (mipymes) se pueden pagar las importaciones a partir del despacho en el puerto de origen, cuando antes era 30 d\u00edas a partir del registro de ingreso aduanero. (El Observador \u2013 15\/04)<\/p>\n","protected":false},"excerpt":{"rendered":"<p>El gobierno de Argentina anunci\u00f3 el viernes pasado la eliminaci\u00f3n del control cambiario \u2013cepo\u2013 que reg\u00eda desde 2019, y con ello las personas f\u00edsicas est\u00e1n a autorizadas a operar libremente en el mercado. Esto implica que ya no existe el tope mensual de compra de US$ 200 ni restricciones vinculadas a subsidios, empleo p\u00fablico o [&hellip;]<\/p>\n","protected":false},"author":3,"featured_media":1389,"comment_status":"open","ping_status":"open","sticky":false,"template":"","format":"standard","meta":{"_joinchat":[],"footnotes":""},"categories":[37],"tags":[],"class_list":{"0":"post-1388","1":"post","2":"type-post","3":"status-publish","4":"format-standard","5":"has-post-thumbnail","7":"category-noticias"},"yoast_head":"<!-- This site is optimized with the Yoast SEO plugin v27.5 - https:\/\/yoast.com\/product\/yoast-seo-wordpress\/ -->\n<title>EL FIN DEL CEPO CAMBIARIO EN ARGENTINA: \u00bfQU\u00c9 PUEDE ESPERARSE EN URUGUAY? - Palmero Despachante de Aduana<\/title>\n<meta name=\"robots\" content=\"noindex, follow\" \/>\n<meta property=\"og:locale\" content=\"es_ES\" \/>\n<meta property=\"og:type\" content=\"article\" \/>\n<meta property=\"og:title\" content=\"EL FIN DEL CEPO CAMBIARIO EN ARGENTINA: \u00bfQU\u00c9 PUEDE ESPERARSE EN URUGUAY? - Palmero Despachante de Aduana\" \/>\n<meta property=\"og:description\" content=\"El gobierno de Argentina anunci\u00f3 el viernes pasado la eliminaci\u00f3n del control cambiario \u2013cepo\u2013 que reg\u00eda desde 2019, y con ello las personas f\u00edsicas est\u00e1n a autorizadas a operar libremente en el mercado. Esto implica que ya no existe el tope mensual de compra de US$ 200 ni restricciones vinculadas a subsidios, empleo p\u00fablico o [&hellip;]\" \/>\n<meta property=\"og:url\" content=\"https:\/\/palmerodespachante.uy\/index.php\/2025\/04\/21\/el-fin-del-cepo-cambiario-en-argentina-que-puede-esperarse-en-uruguay\/\" \/>\n<meta property=\"og:site_name\" content=\"Palmero Despachante de Aduana\" \/>\n<meta property=\"article:publisher\" content=\"https:\/\/www.facebook.com\/despachantedeaduana.palmero?hc_ref=ARQPWzEmqFz3O_9qTlrxPP6NW-Vf1b4-iJdwH7XdkuWdfarefzfPyjY7DGBCye4mnJs\" \/>\n<meta property=\"article:published_time\" content=\"2025-04-21T18:40:23+00:00\" \/>\n<meta property=\"article:modified_time\" content=\"2025-04-21T18:40:25+00:00\" \/>\n<meta property=\"og:image\" content=\"http:\/\/palmerodespachante.uy\/wp-content\/uploads\/2025\/04\/CEPO.jpg\" \/>\n\t<meta property=\"og:image:width\" content=\"1000\" \/>\n\t<meta property=\"og:image:height\" content=\"629\" \/>\n\t<meta property=\"og:image:type\" content=\"image\/jpeg\" \/>\n<meta name=\"author\" content=\"Javier Palmero\" \/>\n<meta name=\"twitter:card\" content=\"summary_large_image\" \/>\n<meta name=\"twitter:label1\" content=\"Escrito por\" \/>\n\t<meta name=\"twitter:data1\" content=\"Javier Palmero\" \/>\n\t<meta name=\"twitter:label2\" content=\"Tiempo de lectura\" \/>\n\t<meta name=\"twitter:data2\" content=\"2 minutos\" \/>\n<script type=\"application\/ld+json\" class=\"yoast-schema-graph\">{\"@context\":\"https:\\\/\\\/schema.org\",\"@graph\":[{\"@type\":\"Article\",\"@id\":\"https:\\\/\\\/palmerodespachante.uy\\\/index.php\\\/2025\\\/04\\\/21\\\/el-fin-del-cepo-cambiario-en-argentina-que-puede-esperarse-en-uruguay\\\/#article\",\"isPartOf\":{\"@id\":\"https:\\\/\\\/palmerodespachante.uy\\\/index.php\\\/2025\\\/04\\\/21\\\/el-fin-del-cepo-cambiario-en-argentina-que-puede-esperarse-en-uruguay\\\/\"},\"author\":{\"name\":\"Javier Palmero\",\"@id\":\"https:\\\/\\\/palmerodespachante.uy\\\/#\\\/schema\\\/person\\\/9eabdcdc87fc74d275cc2faf2ce2f732\"},\"headline\":\"EL FIN DEL CEPO CAMBIARIO EN ARGENTINA: \u00bfQU\u00c9 PUEDE ESPERARSE EN URUGUAY?\",\"datePublished\":\"2025-04-21T18:40:23+00:00\",\"dateModified\":\"2025-04-21T18:40:25+00:00\",\"mainEntityOfPage\":{\"@id\":\"https:\\\/\\\/palmerodespachante.uy\\\/index.php\\\/2025\\\/04\\\/21\\\/el-fin-del-cepo-cambiario-en-argentina-que-puede-esperarse-en-uruguay\\\/\"},\"wordCount\":290,\"commentCount\":0,\"publisher\":{\"@id\":\"https:\\\/\\\/palmerodespachante.uy\\\/#organization\"},\"image\":{\"@id\":\"https:\\\/\\\/palmerodespachante.uy\\\/index.php\\\/2025\\\/04\\\/21\\\/el-fin-del-cepo-cambiario-en-argentina-que-puede-esperarse-en-uruguay\\\/#primaryimage\"},\"thumbnailUrl\":\"https:\\\/\\\/palmerodespachante.uy\\\/wp-content\\\/uploads\\\/2025\\\/04\\\/CEPO.jpg\",\"articleSection\":[\"Noticias\"],\"inLanguage\":\"es\",\"potentialAction\":[{\"@type\":\"CommentAction\",\"name\":\"Comment\",\"target\":[\"https:\\\/\\\/palmerodespachante.uy\\\/index.php\\\/2025\\\/04\\\/21\\\/el-fin-del-cepo-cambiario-en-argentina-que-puede-esperarse-en-uruguay\\\/#respond\"]}]},{\"@type\":\"WebPage\",\"@id\":\"https:\\\/\\\/palmerodespachante.uy\\\/index.php\\\/2025\\\/04\\\/21\\\/el-fin-del-cepo-cambiario-en-argentina-que-puede-esperarse-en-uruguay\\\/\",\"url\":\"https:\\\/\\\/palmerodespachante.uy\\\/index.php\\\/2025\\\/04\\\/21\\\/el-fin-del-cepo-cambiario-en-argentina-que-puede-esperarse-en-uruguay\\\/\",\"name\":\"EL FIN DEL CEPO CAMBIARIO EN ARGENTINA: \u00bfQU\u00c9 PUEDE ESPERARSE EN URUGUAY? - Palmero Despachante de Aduana\",\"isPartOf\":{\"@id\":\"https:\\\/\\\/palmerodespachante.uy\\\/#website\"},\"primaryImageOfPage\":{\"@id\":\"https:\\\/\\\/palmerodespachante.uy\\\/index.php\\\/2025\\\/04\\\/21\\\/el-fin-del-cepo-cambiario-en-argentina-que-puede-esperarse-en-uruguay\\\/#primaryimage\"},\"image\":{\"@id\":\"https:\\\/\\\/palmerodespachante.uy\\\/index.php\\\/2025\\\/04\\\/21\\\/el-fin-del-cepo-cambiario-en-argentina-que-puede-esperarse-en-uruguay\\\/#primaryimage\"},\"thumbnailUrl\":\"https:\\\/\\\/palmerodespachante.uy\\\/wp-content\\\/uploads\\\/2025\\\/04\\\/CEPO.jpg\",\"datePublished\":\"2025-04-21T18:40:23+00:00\",\"dateModified\":\"2025-04-21T18:40:25+00:00\",\"breadcrumb\":{\"@id\":\"https:\\\/\\\/palmerodespachante.uy\\\/index.php\\\/2025\\\/04\\\/21\\\/el-fin-del-cepo-cambiario-en-argentina-que-puede-esperarse-en-uruguay\\\/#breadcrumb\"},\"inLanguage\":\"es\",\"potentialAction\":[{\"@type\":\"ReadAction\",\"target\":[\"https:\\\/\\\/palmerodespachante.uy\\\/index.php\\\/2025\\\/04\\\/21\\\/el-fin-del-cepo-cambiario-en-argentina-que-puede-esperarse-en-uruguay\\\/\"]}]},{\"@type\":\"ImageObject\",\"inLanguage\":\"es\",\"@id\":\"https:\\\/\\\/palmerodespachante.uy\\\/index.php\\\/2025\\\/04\\\/21\\\/el-fin-del-cepo-cambiario-en-argentina-que-puede-esperarse-en-uruguay\\\/#primaryimage\",\"url\":\"https:\\\/\\\/palmerodespachante.uy\\\/wp-content\\\/uploads\\\/2025\\\/04\\\/CEPO.jpg\",\"contentUrl\":\"https:\\\/\\\/palmerodespachante.uy\\\/wp-content\\\/uploads\\\/2025\\\/04\\\/CEPO.jpg\",\"width\":1000,\"height\":629},{\"@type\":\"BreadcrumbList\",\"@id\":\"https:\\\/\\\/palmerodespachante.uy\\\/index.php\\\/2025\\\/04\\\/21\\\/el-fin-del-cepo-cambiario-en-argentina-que-puede-esperarse-en-uruguay\\\/#breadcrumb\",\"itemListElement\":[{\"@type\":\"ListItem\",\"position\":1,\"name\":\"Portada\",\"item\":\"https:\\\/\\\/palmerodespachante.uy\\\/\"},{\"@type\":\"ListItem\",\"position\":2,\"name\":\"EL FIN DEL CEPO CAMBIARIO EN ARGENTINA: \u00bfQU\u00c9 PUEDE ESPERARSE EN URUGUAY?\"}]},{\"@type\":\"WebSite\",\"@id\":\"https:\\\/\\\/palmerodespachante.uy\\\/#website\",\"url\":\"https:\\\/\\\/palmerodespachante.uy\\\/\",\"name\":\"Palmero Despachante de Aduana\",\"description\":\"Importaci\u00f3n, Exportaci\u00f3n, Tr\u00e1nsito\",\"publisher\":{\"@id\":\"https:\\\/\\\/palmerodespachante.uy\\\/#organization\"},\"potentialAction\":[{\"@type\":\"SearchAction\",\"target\":{\"@type\":\"EntryPoint\",\"urlTemplate\":\"https:\\\/\\\/palmerodespachante.uy\\\/?s={search_term_string}\"},\"query-input\":{\"@type\":\"PropertyValueSpecification\",\"valueRequired\":true,\"valueName\":\"search_term_string\"}}],\"inLanguage\":\"es\"},{\"@type\":\"Organization\",\"@id\":\"https:\\\/\\\/palmerodespachante.uy\\\/#organization\",\"name\":\"Palmero Despachante de Aduanas\",\"url\":\"https:\\\/\\\/palmerodespachante.uy\\\/\",\"logo\":{\"@type\":\"ImageObject\",\"inLanguage\":\"es\",\"@id\":\"https:\\\/\\\/palmerodespachante.uy\\\/#\\\/schema\\\/logo\\\/image\\\/\",\"url\":\"https:\\\/\\\/palmerodespachante.uy\\\/wp-content\\\/uploads\\\/2018\\\/08\\\/Logo-144.png\",\"contentUrl\":\"https:\\\/\\\/palmerodespachante.uy\\\/wp-content\\\/uploads\\\/2018\\\/08\\\/Logo-144.png\",\"width\":144,\"height\":144,\"caption\":\"Palmero Despachante de Aduanas\"},\"image\":{\"@id\":\"https:\\\/\\\/palmerodespachante.uy\\\/#\\\/schema\\\/logo\\\/image\\\/\"},\"sameAs\":[\"https:\\\/\\\/www.facebook.com\\\/despachantedeaduana.palmero?hc_ref=ARQPWzEmqFz3O_9qTlrxPP6NW-Vf1b4-iJdwH7XdkuWdfarefzfPyjY7DGBCye4mnJs\",\"https:\\\/\\\/www.linkedin.com\\\/company\\\/despachante-de-aduana-palmero\\\/\"]},{\"@type\":\"Person\",\"@id\":\"https:\\\/\\\/palmerodespachante.uy\\\/#\\\/schema\\\/person\\\/9eabdcdc87fc74d275cc2faf2ce2f732\",\"name\":\"Javier Palmero\",\"image\":{\"@type\":\"ImageObject\",\"inLanguage\":\"es\",\"@id\":\"https:\\\/\\\/palmerodespachante.uy\\\/wp-content\\\/litespeed\\\/avatar\\\/8e783966089c8fa82b27a6627fb956c2.jpg?ver=1777463218\",\"url\":\"https:\\\/\\\/palmerodespachante.uy\\\/wp-content\\\/litespeed\\\/avatar\\\/8e783966089c8fa82b27a6627fb956c2.jpg?ver=1777463218\",\"contentUrl\":\"https:\\\/\\\/palmerodespachante.uy\\\/wp-content\\\/litespeed\\\/avatar\\\/8e783966089c8fa82b27a6627fb956c2.jpg?ver=1777463218\",\"caption\":\"Javier Palmero\"}}]}<\/script>\n<!-- \/ Yoast SEO plugin. -->","yoast_head_json":{"title":"EL FIN DEL CEPO CAMBIARIO EN ARGENTINA: \u00bfQU\u00c9 PUEDE ESPERARSE EN URUGUAY? - Palmero Despachante de Aduana","robots":{"index":"noindex","follow":"follow"},"og_locale":"es_ES","og_type":"article","og_title":"EL FIN DEL CEPO CAMBIARIO EN ARGENTINA: \u00bfQU\u00c9 PUEDE ESPERARSE EN URUGUAY? - Palmero Despachante de Aduana","og_description":"El gobierno de Argentina anunci\u00f3 el viernes pasado la eliminaci\u00f3n del control cambiario \u2013cepo\u2013 que reg\u00eda desde 2019, y con ello las personas f\u00edsicas est\u00e1n a autorizadas a operar libremente en el mercado. Esto implica que ya no existe el tope mensual de compra de US$ 200 ni restricciones vinculadas a subsidios, empleo p\u00fablico o [&hellip;]","og_url":"https:\/\/palmerodespachante.uy\/index.php\/2025\/04\/21\/el-fin-del-cepo-cambiario-en-argentina-que-puede-esperarse-en-uruguay\/","og_site_name":"Palmero Despachante de Aduana","article_publisher":"https:\/\/www.facebook.com\/despachantedeaduana.palmero?hc_ref=ARQPWzEmqFz3O_9qTlrxPP6NW-Vf1b4-iJdwH7XdkuWdfarefzfPyjY7DGBCye4mnJs","article_published_time":"2025-04-21T18:40:23+00:00","article_modified_time":"2025-04-21T18:40:25+00:00","og_image":[{"width":1000,"height":629,"url":"http:\/\/palmerodespachante.uy\/wp-content\/uploads\/2025\/04\/CEPO.jpg","type":"image\/jpeg"}],"author":"Javier Palmero","twitter_card":"summary_large_image","twitter_misc":{"Escrito por":"Javier Palmero","Tiempo de lectura":"2 minutos"},"schema":{"@context":"https:\/\/schema.org","@graph":[{"@type":"Article","@id":"https:\/\/palmerodespachante.uy\/index.php\/2025\/04\/21\/el-fin-del-cepo-cambiario-en-argentina-que-puede-esperarse-en-uruguay\/#article","isPartOf":{"@id":"https:\/\/palmerodespachante.uy\/index.php\/2025\/04\/21\/el-fin-del-cepo-cambiario-en-argentina-que-puede-esperarse-en-uruguay\/"},"author":{"name":"Javier Palmero","@id":"https:\/\/palmerodespachante.uy\/#\/schema\/person\/9eabdcdc87fc74d275cc2faf2ce2f732"},"headline":"EL FIN DEL CEPO CAMBIARIO EN ARGENTINA: \u00bfQU\u00c9 PUEDE ESPERARSE EN URUGUAY?","datePublished":"2025-04-21T18:40:23+00:00","dateModified":"2025-04-21T18:40:25+00:00","mainEntityOfPage":{"@id":"https:\/\/palmerodespachante.uy\/index.php\/2025\/04\/21\/el-fin-del-cepo-cambiario-en-argentina-que-puede-esperarse-en-uruguay\/"},"wordCount":290,"commentCount":0,"publisher":{"@id":"https:\/\/palmerodespachante.uy\/#organization"},"image":{"@id":"https:\/\/palmerodespachante.uy\/index.php\/2025\/04\/21\/el-fin-del-cepo-cambiario-en-argentina-que-puede-esperarse-en-uruguay\/#primaryimage"},"thumbnailUrl":"https:\/\/palmerodespachante.uy\/wp-content\/uploads\/2025\/04\/CEPO.jpg","articleSection":["Noticias"],"inLanguage":"es","potentialAction":[{"@type":"CommentAction","name":"Comment","target":["https:\/\/palmerodespachante.uy\/index.php\/2025\/04\/21\/el-fin-del-cepo-cambiario-en-argentina-que-puede-esperarse-en-uruguay\/#respond"]}]},{"@type":"WebPage","@id":"https:\/\/palmerodespachante.uy\/index.php\/2025\/04\/21\/el-fin-del-cepo-cambiario-en-argentina-que-puede-esperarse-en-uruguay\/","url":"https:\/\/palmerodespachante.uy\/index.php\/2025\/04\/21\/el-fin-del-cepo-cambiario-en-argentina-que-puede-esperarse-en-uruguay\/","name":"EL FIN DEL CEPO CAMBIARIO EN ARGENTINA: \u00bfQU\u00c9 PUEDE ESPERARSE EN URUGUAY? - Palmero Despachante de Aduana","isPartOf":{"@id":"https:\/\/palmerodespachante.uy\/#website"},"primaryImageOfPage":{"@id":"https:\/\/palmerodespachante.uy\/index.php\/2025\/04\/21\/el-fin-del-cepo-cambiario-en-argentina-que-puede-esperarse-en-uruguay\/#primaryimage"},"image":{"@id":"https:\/\/palmerodespachante.uy\/index.php\/2025\/04\/21\/el-fin-del-cepo-cambiario-en-argentina-que-puede-esperarse-en-uruguay\/#primaryimage"},"thumbnailUrl":"https:\/\/palmerodespachante.uy\/wp-content\/uploads\/2025\/04\/CEPO.jpg","datePublished":"2025-04-21T18:40:23+00:00","dateModified":"2025-04-21T18:40:25+00:00","breadcrumb":{"@id":"https:\/\/palmerodespachante.uy\/index.php\/2025\/04\/21\/el-fin-del-cepo-cambiario-en-argentina-que-puede-esperarse-en-uruguay\/#breadcrumb"},"inLanguage":"es","potentialAction":[{"@type":"ReadAction","target":["https:\/\/palmerodespachante.uy\/index.php\/2025\/04\/21\/el-fin-del-cepo-cambiario-en-argentina-que-puede-esperarse-en-uruguay\/"]}]},{"@type":"ImageObject","inLanguage":"es","@id":"https:\/\/palmerodespachante.uy\/index.php\/2025\/04\/21\/el-fin-del-cepo-cambiario-en-argentina-que-puede-esperarse-en-uruguay\/#primaryimage","url":"https:\/\/palmerodespachante.uy\/wp-content\/uploads\/2025\/04\/CEPO.jpg","contentUrl":"https:\/\/palmerodespachante.uy\/wp-content\/uploads\/2025\/04\/CEPO.jpg","width":1000,"height":629},{"@type":"BreadcrumbList","@id":"https:\/\/palmerodespachante.uy\/index.php\/2025\/04\/21\/el-fin-del-cepo-cambiario-en-argentina-que-puede-esperarse-en-uruguay\/#breadcrumb","itemListElement":[{"@type":"ListItem","position":1,"name":"Portada","item":"https:\/\/palmerodespachante.uy\/"},{"@type":"ListItem","position":2,"name":"EL FIN DEL CEPO CAMBIARIO EN ARGENTINA: \u00bfQU\u00c9 PUEDE ESPERARSE EN URUGUAY?"}]},{"@type":"WebSite","@id":"https:\/\/palmerodespachante.uy\/#website","url":"https:\/\/palmerodespachante.uy\/","name":"Palmero Despachante de Aduana","description":"Importaci\u00f3n, Exportaci\u00f3n, Tr\u00e1nsito","publisher":{"@id":"https:\/\/palmerodespachante.uy\/#organization"},"potentialAction":[{"@type":"SearchAction","target":{"@type":"EntryPoint","urlTemplate":"https:\/\/palmerodespachante.uy\/?s={search_term_string}"},"query-input":{"@type":"PropertyValueSpecification","valueRequired":true,"valueName":"search_term_string"}}],"inLanguage":"es"},{"@type":"Organization","@id":"https:\/\/palmerodespachante.uy\/#organization","name":"Palmero Despachante de Aduanas","url":"https:\/\/palmerodespachante.uy\/","logo":{"@type":"ImageObject","inLanguage":"es","@id":"https:\/\/palmerodespachante.uy\/#\/schema\/logo\/image\/","url":"https:\/\/palmerodespachante.uy\/wp-content\/uploads\/2018\/08\/Logo-144.png","contentUrl":"https:\/\/palmerodespachante.uy\/wp-content\/uploads\/2018\/08\/Logo-144.png","width":144,"height":144,"caption":"Palmero Despachante de Aduanas"},"image":{"@id":"https:\/\/palmerodespachante.uy\/#\/schema\/logo\/image\/"},"sameAs":["https:\/\/www.facebook.com\/despachantedeaduana.palmero?hc_ref=ARQPWzEmqFz3O_9qTlrxPP6NW-Vf1b4-iJdwH7XdkuWdfarefzfPyjY7DGBCye4mnJs","https:\/\/www.linkedin.com\/company\/despachante-de-aduana-palmero\/"]},{"@type":"Person","@id":"https:\/\/palmerodespachante.uy\/#\/schema\/person\/9eabdcdc87fc74d275cc2faf2ce2f732","name":"Javier Palmero","image":{"@type":"ImageObject","inLanguage":"es","@id":"https:\/\/palmerodespachante.uy\/wp-content\/litespeed\/avatar\/8e783966089c8fa82b27a6627fb956c2.jpg?ver=1777463218","url":"https:\/\/palmerodespachante.uy\/wp-content\/litespeed\/avatar\/8e783966089c8fa82b27a6627fb956c2.jpg?ver=1777463218","contentUrl":"https:\/\/palmerodespachante.uy\/wp-content\/litespeed\/avatar\/8e783966089c8fa82b27a6627fb956c2.jpg?ver=1777463218","caption":"Javier Palmero"}}]}},"jetpack_featured_media_url":"https:\/\/palmerodespachante.uy\/wp-content\/uploads\/2025\/04\/CEPO.jpg","_links":{"self":[{"href":"https:\/\/palmerodespachante.uy\/index.php\/wp-json\/wp\/v2\/posts\/1388","targetHints":{"allow":["GET"]}}],"collection":[{"href":"https:\/\/palmerodespachante.uy\/index.php\/wp-json\/wp\/v2\/posts"}],"about":[{"href":"https:\/\/palmerodespachante.uy\/index.php\/wp-json\/wp\/v2\/types\/post"}],"author":[{"embeddable":true,"href":"https:\/\/palmerodespachante.uy\/index.php\/wp-json\/wp\/v2\/users\/3"}],"replies":[{"embeddable":true,"href":"https:\/\/palmerodespachante.uy\/index.php\/wp-json\/wp\/v2\/comments?post=1388"}],"version-history":[{"count":1,"href":"https:\/\/palmerodespachante.uy\/index.php\/wp-json\/wp\/v2\/posts\/1388\/revisions"}],"predecessor-version":[{"id":1390,"href":"https:\/\/palmerodespachante.uy\/index.php\/wp-json\/wp\/v2\/posts\/1388\/revisions\/1390"}],"wp:featuredmedia":[{"embeddable":true,"href":"https:\/\/palmerodespachante.uy\/index.php\/wp-json\/wp\/v2\/media\/1389"}],"wp:attachment":[{"href":"https:\/\/palmerodespachante.uy\/index.php\/wp-json\/wp\/v2\/media?parent=1388"}],"wp:term":[{"taxonomy":"category","embeddable":true,"href":"https:\/\/palmerodespachante.uy\/index.php\/wp-json\/wp\/v2\/categories?post=1388"},{"taxonomy":"post_tag","embeddable":true,"href":"https:\/\/palmerodespachante.uy\/index.php\/wp-json\/wp\/v2\/tags?post=1388"}],"curies":[{"name":"wp","href":"https:\/\/api.w.org\/{rel}","templated":true}]}}