{"id":1379,"date":"2025-04-03T10:27:02","date_gmt":"2025-04-03T13:27:02","guid":{"rendered":"https:\/\/palmerodespachante.uy\/?p=1379"},"modified":"2025-04-03T10:27:03","modified_gmt":"2025-04-03T13:27:03","slug":"ee-uu-aplica-nuevos-aranceles-y-afecta-al-comercio-de-uruguay","status":"publish","type":"post","link":"https:\/\/palmerodespachante.uy\/index.php\/2025\/04\/03\/ee-uu-aplica-nuevos-aranceles-y-afecta-al-comercio-de-uruguay\/","title":{"rendered":"EE.UU. aplica nuevos aranceles y afecta al comercio de Uruguay"},"content":{"rendered":"\n<p>El gobierno de Estados Unidos, liderado por Donald Trump, anunci\u00f3 la aplicaci\u00f3n de un arancel del 10% sobre las importaciones provenientes de Uruguay y otros pa\u00edses latinoamericanos. La medida, que entrar\u00e1 en vigor el 5 de abril, forma parte de una estrategia m\u00e1s amplia de proteccionismo econ\u00f3mico, en la que China y Europa enfrentar\u00e1n tarifas m\u00e1s elevadas. Las exportaciones uruguayas podr\u00edan verse afectadas significativamente, generando preocupaci\u00f3n en sectores clave de la econom\u00eda nacional.<\/p>\n","protected":false},"excerpt":{"rendered":"<p>El gobierno de Estados Unidos, liderado por Donald Trump, anunci\u00f3 la aplicaci\u00f3n de un arancel del 10% sobre las importaciones provenientes de Uruguay y otros pa\u00edses latinoamericanos. La medida, que entrar\u00e1 en vigor el 5 de abril, forma parte de una estrategia m\u00e1s amplia de proteccionismo econ\u00f3mico, en la que China y Europa enfrentar\u00e1n tarifas [&hellip;]<\/p>\n","protected":false},"author":3,"featured_media":1380,"comment_status":"open","ping_status":"open","sticky":false,"template":"","format":"standard","meta":{"_joinchat":[],"footnotes":""},"categories":[15],"tags":[],"class_list":{"0":"post-1379","1":"post","2":"type-post","3":"status-publish","4":"format-standard","5":"has-post-thumbnail","7":"category-sin-categoria-es"},"yoast_head":"<!-- This site is optimized with the Yoast SEO plugin v27.5 - https:\/\/yoast.com\/product\/yoast-seo-wordpress\/ -->\n<title>EE.UU. aplica nuevos aranceles y afecta al comercio de Uruguay - Palmero Despachante de Aduana<\/title>\n<meta name=\"robots\" content=\"noindex, follow\" \/>\n<meta property=\"og:locale\" content=\"es_ES\" \/>\n<meta property=\"og:type\" content=\"article\" \/>\n<meta property=\"og:title\" content=\"EE.UU. aplica nuevos aranceles y afecta al comercio de Uruguay - Palmero Despachante de Aduana\" \/>\n<meta property=\"og:description\" content=\"El gobierno de Estados Unidos, liderado por Donald Trump, anunci\u00f3 la aplicaci\u00f3n de un arancel del 10% sobre las importaciones provenientes de Uruguay y otros pa\u00edses latinoamericanos. La medida, que entrar\u00e1 en vigor el 5 de abril, forma parte de una estrategia m\u00e1s amplia de proteccionismo econ\u00f3mico, en la que China y Europa enfrentar\u00e1n tarifas [&hellip;]\" \/>\n<meta property=\"og:url\" content=\"https:\/\/palmerodespachante.uy\/index.php\/2025\/04\/03\/ee-uu-aplica-nuevos-aranceles-y-afecta-al-comercio-de-uruguay\/\" \/>\n<meta property=\"og:site_name\" content=\"Palmero Despachante de Aduana\" \/>\n<meta property=\"article:publisher\" content=\"https:\/\/www.facebook.com\/despachantedeaduana.palmero?hc_ref=ARQPWzEmqFz3O_9qTlrxPP6NW-Vf1b4-iJdwH7XdkuWdfarefzfPyjY7DGBCye4mnJs\" \/>\n<meta property=\"article:published_time\" content=\"2025-04-03T13:27:02+00:00\" \/>\n<meta property=\"article:modified_time\" content=\"2025-04-03T13:27:03+00:00\" \/>\n<meta property=\"og:image\" content=\"http:\/\/palmerodespachante.uy\/wp-content\/uploads\/2025\/04\/aranceles-usa.jpg\" \/>\n\t<meta property=\"og:image:width\" content=\"768\" \/>\n\t<meta property=\"og:image:height\" content=\"432\" \/>\n\t<meta property=\"og:image:type\" content=\"image\/jpeg\" \/>\n<meta name=\"author\" content=\"Javier Palmero\" \/>\n<meta name=\"twitter:card\" content=\"summary_large_image\" \/>\n<meta name=\"twitter:label1\" content=\"Escrito por\" \/>\n\t<meta name=\"twitter:data1\" content=\"Javier Palmero\" \/>\n\t<meta name=\"twitter:label2\" content=\"Tiempo de lectura\" \/>\n\t<meta name=\"twitter:data2\" content=\"1 minuto\" \/>\n<script type=\"application\/ld+json\" class=\"yoast-schema-graph\">{\"@context\":\"https:\\\/\\\/schema.org\",\"@graph\":[{\"@type\":\"Article\",\"@id\":\"https:\\\/\\\/palmerodespachante.uy\\\/index.php\\\/2025\\\/04\\\/03\\\/ee-uu-aplica-nuevos-aranceles-y-afecta-al-comercio-de-uruguay\\\/#article\",\"isPartOf\":{\"@id\":\"https:\\\/\\\/palmerodespachante.uy\\\/index.php\\\/2025\\\/04\\\/03\\\/ee-uu-aplica-nuevos-aranceles-y-afecta-al-comercio-de-uruguay\\\/\"},\"author\":{\"name\":\"Javier Palmero\",\"@id\":\"https:\\\/\\\/palmerodespachante.uy\\\/#\\\/schema\\\/person\\\/9eabdcdc87fc74d275cc2faf2ce2f732\"},\"headline\":\"EE.UU. aplica nuevos aranceles y afecta al comercio de Uruguay\",\"datePublished\":\"2025-04-03T13:27:02+00:00\",\"dateModified\":\"2025-04-03T13:27:03+00:00\",\"mainEntityOfPage\":{\"@id\":\"https:\\\/\\\/palmerodespachante.uy\\\/index.php\\\/2025\\\/04\\\/03\\\/ee-uu-aplica-nuevos-aranceles-y-afecta-al-comercio-de-uruguay\\\/\"},\"wordCount\":91,\"commentCount\":0,\"publisher\":{\"@id\":\"https:\\\/\\\/palmerodespachante.uy\\\/#organization\"},\"image\":{\"@id\":\"https:\\\/\\\/palmerodespachante.uy\\\/index.php\\\/2025\\\/04\\\/03\\\/ee-uu-aplica-nuevos-aranceles-y-afecta-al-comercio-de-uruguay\\\/#primaryimage\"},\"thumbnailUrl\":\"https:\\\/\\\/palmerodespachante.uy\\\/wp-content\\\/uploads\\\/2025\\\/04\\\/aranceles-usa.jpg\",\"inLanguage\":\"es\",\"potentialAction\":[{\"@type\":\"CommentAction\",\"name\":\"Comment\",\"target\":[\"https:\\\/\\\/palmerodespachante.uy\\\/index.php\\\/2025\\\/04\\\/03\\\/ee-uu-aplica-nuevos-aranceles-y-afecta-al-comercio-de-uruguay\\\/#respond\"]}]},{\"@type\":\"WebPage\",\"@id\":\"https:\\\/\\\/palmerodespachante.uy\\\/index.php\\\/2025\\\/04\\\/03\\\/ee-uu-aplica-nuevos-aranceles-y-afecta-al-comercio-de-uruguay\\\/\",\"url\":\"https:\\\/\\\/palmerodespachante.uy\\\/index.php\\\/2025\\\/04\\\/03\\\/ee-uu-aplica-nuevos-aranceles-y-afecta-al-comercio-de-uruguay\\\/\",\"name\":\"EE.UU. aplica nuevos aranceles y afecta al comercio de Uruguay - Palmero Despachante de Aduana\",\"isPartOf\":{\"@id\":\"https:\\\/\\\/palmerodespachante.uy\\\/#website\"},\"primaryImageOfPage\":{\"@id\":\"https:\\\/\\\/palmerodespachante.uy\\\/index.php\\\/2025\\\/04\\\/03\\\/ee-uu-aplica-nuevos-aranceles-y-afecta-al-comercio-de-uruguay\\\/#primaryimage\"},\"image\":{\"@id\":\"https:\\\/\\\/palmerodespachante.uy\\\/index.php\\\/2025\\\/04\\\/03\\\/ee-uu-aplica-nuevos-aranceles-y-afecta-al-comercio-de-uruguay\\\/#primaryimage\"},\"thumbnailUrl\":\"https:\\\/\\\/palmerodespachante.uy\\\/wp-content\\\/uploads\\\/2025\\\/04\\\/aranceles-usa.jpg\",\"datePublished\":\"2025-04-03T13:27:02+00:00\",\"dateModified\":\"2025-04-03T13:27:03+00:00\",\"breadcrumb\":{\"@id\":\"https:\\\/\\\/palmerodespachante.uy\\\/index.php\\\/2025\\\/04\\\/03\\\/ee-uu-aplica-nuevos-aranceles-y-afecta-al-comercio-de-uruguay\\\/#breadcrumb\"},\"inLanguage\":\"es\",\"potentialAction\":[{\"@type\":\"ReadAction\",\"target\":[\"https:\\\/\\\/palmerodespachante.uy\\\/index.php\\\/2025\\\/04\\\/03\\\/ee-uu-aplica-nuevos-aranceles-y-afecta-al-comercio-de-uruguay\\\/\"]}]},{\"@type\":\"ImageObject\",\"inLanguage\":\"es\",\"@id\":\"https:\\\/\\\/palmerodespachante.uy\\\/index.php\\\/2025\\\/04\\\/03\\\/ee-uu-aplica-nuevos-aranceles-y-afecta-al-comercio-de-uruguay\\\/#primaryimage\",\"url\":\"https:\\\/\\\/palmerodespachante.uy\\\/wp-content\\\/uploads\\\/2025\\\/04\\\/aranceles-usa.jpg\",\"contentUrl\":\"https:\\\/\\\/palmerodespachante.uy\\\/wp-content\\\/uploads\\\/2025\\\/04\\\/aranceles-usa.jpg\",\"width\":768,\"height\":432},{\"@type\":\"BreadcrumbList\",\"@id\":\"https:\\\/\\\/palmerodespachante.uy\\\/index.php\\\/2025\\\/04\\\/03\\\/ee-uu-aplica-nuevos-aranceles-y-afecta-al-comercio-de-uruguay\\\/#breadcrumb\",\"itemListElement\":[{\"@type\":\"ListItem\",\"position\":1,\"name\":\"Portada\",\"item\":\"https:\\\/\\\/palmerodespachante.uy\\\/\"},{\"@type\":\"ListItem\",\"position\":2,\"name\":\"EE.UU. aplica nuevos aranceles y afecta al comercio de Uruguay\"}]},{\"@type\":\"WebSite\",\"@id\":\"https:\\\/\\\/palmerodespachante.uy\\\/#website\",\"url\":\"https:\\\/\\\/palmerodespachante.uy\\\/\",\"name\":\"Palmero Despachante de Aduana\",\"description\":\"Importaci\u00f3n, Exportaci\u00f3n, Tr\u00e1nsito\",\"publisher\":{\"@id\":\"https:\\\/\\\/palmerodespachante.uy\\\/#organization\"},\"potentialAction\":[{\"@type\":\"SearchAction\",\"target\":{\"@type\":\"EntryPoint\",\"urlTemplate\":\"https:\\\/\\\/palmerodespachante.uy\\\/?s={search_term_string}\"},\"query-input\":{\"@type\":\"PropertyValueSpecification\",\"valueRequired\":true,\"valueName\":\"search_term_string\"}}],\"inLanguage\":\"es\"},{\"@type\":\"Organization\",\"@id\":\"https:\\\/\\\/palmerodespachante.uy\\\/#organization\",\"name\":\"Palmero Despachante de Aduanas\",\"url\":\"https:\\\/\\\/palmerodespachante.uy\\\/\",\"logo\":{\"@type\":\"ImageObject\",\"inLanguage\":\"es\",\"@id\":\"https:\\\/\\\/palmerodespachante.uy\\\/#\\\/schema\\\/logo\\\/image\\\/\",\"url\":\"https:\\\/\\\/palmerodespachante.uy\\\/wp-content\\\/uploads\\\/2018\\\/08\\\/Logo-144.png\",\"contentUrl\":\"https:\\\/\\\/palmerodespachante.uy\\\/wp-content\\\/uploads\\\/2018\\\/08\\\/Logo-144.png\",\"width\":144,\"height\":144,\"caption\":\"Palmero Despachante de Aduanas\"},\"image\":{\"@id\":\"https:\\\/\\\/palmerodespachante.uy\\\/#\\\/schema\\\/logo\\\/image\\\/\"},\"sameAs\":[\"https:\\\/\\\/www.facebook.com\\\/despachantedeaduana.palmero?hc_ref=ARQPWzEmqFz3O_9qTlrxPP6NW-Vf1b4-iJdwH7XdkuWdfarefzfPyjY7DGBCye4mnJs\",\"https:\\\/\\\/www.linkedin.com\\\/company\\\/despachante-de-aduana-palmero\\\/\"]},{\"@type\":\"Person\",\"@id\":\"https:\\\/\\\/palmerodespachante.uy\\\/#\\\/schema\\\/person\\\/9eabdcdc87fc74d275cc2faf2ce2f732\",\"name\":\"Javier Palmero\",\"image\":{\"@type\":\"ImageObject\",\"inLanguage\":\"es\",\"@id\":\"https:\\\/\\\/palmerodespachante.uy\\\/wp-content\\\/litespeed\\\/avatar\\\/8e783966089c8fa82b27a6627fb956c2.jpg?ver=1777463218\",\"url\":\"https:\\\/\\\/palmerodespachante.uy\\\/wp-content\\\/litespeed\\\/avatar\\\/8e783966089c8fa82b27a6627fb956c2.jpg?ver=1777463218\",\"contentUrl\":\"https:\\\/\\\/palmerodespachante.uy\\\/wp-content\\\/litespeed\\\/avatar\\\/8e783966089c8fa82b27a6627fb956c2.jpg?ver=1777463218\",\"caption\":\"Javier Palmero\"}}]}<\/script>\n<!-- \/ Yoast SEO plugin. -->","yoast_head_json":{"title":"EE.UU. aplica nuevos aranceles y afecta al comercio de Uruguay - Palmero Despachante de Aduana","robots":{"index":"noindex","follow":"follow"},"og_locale":"es_ES","og_type":"article","og_title":"EE.UU. aplica nuevos aranceles y afecta al comercio de Uruguay - Palmero Despachante de Aduana","og_description":"El gobierno de Estados Unidos, liderado por Donald Trump, anunci\u00f3 la aplicaci\u00f3n de un arancel del 10% sobre las importaciones provenientes de Uruguay y otros pa\u00edses latinoamericanos. La medida, que entrar\u00e1 en vigor el 5 de abril, forma parte de una estrategia m\u00e1s amplia de proteccionismo econ\u00f3mico, en la que China y Europa enfrentar\u00e1n tarifas [&hellip;]","og_url":"https:\/\/palmerodespachante.uy\/index.php\/2025\/04\/03\/ee-uu-aplica-nuevos-aranceles-y-afecta-al-comercio-de-uruguay\/","og_site_name":"Palmero Despachante de Aduana","article_publisher":"https:\/\/www.facebook.com\/despachantedeaduana.palmero?hc_ref=ARQPWzEmqFz3O_9qTlrxPP6NW-Vf1b4-iJdwH7XdkuWdfarefzfPyjY7DGBCye4mnJs","article_published_time":"2025-04-03T13:27:02+00:00","article_modified_time":"2025-04-03T13:27:03+00:00","og_image":[{"width":768,"height":432,"url":"http:\/\/palmerodespachante.uy\/wp-content\/uploads\/2025\/04\/aranceles-usa.jpg","type":"image\/jpeg"}],"author":"Javier Palmero","twitter_card":"summary_large_image","twitter_misc":{"Escrito por":"Javier Palmero","Tiempo de lectura":"1 minuto"},"schema":{"@context":"https:\/\/schema.org","@graph":[{"@type":"Article","@id":"https:\/\/palmerodespachante.uy\/index.php\/2025\/04\/03\/ee-uu-aplica-nuevos-aranceles-y-afecta-al-comercio-de-uruguay\/#article","isPartOf":{"@id":"https:\/\/palmerodespachante.uy\/index.php\/2025\/04\/03\/ee-uu-aplica-nuevos-aranceles-y-afecta-al-comercio-de-uruguay\/"},"author":{"name":"Javier Palmero","@id":"https:\/\/palmerodespachante.uy\/#\/schema\/person\/9eabdcdc87fc74d275cc2faf2ce2f732"},"headline":"EE.UU. aplica nuevos aranceles y afecta al comercio de Uruguay","datePublished":"2025-04-03T13:27:02+00:00","dateModified":"2025-04-03T13:27:03+00:00","mainEntityOfPage":{"@id":"https:\/\/palmerodespachante.uy\/index.php\/2025\/04\/03\/ee-uu-aplica-nuevos-aranceles-y-afecta-al-comercio-de-uruguay\/"},"wordCount":91,"commentCount":0,"publisher":{"@id":"https:\/\/palmerodespachante.uy\/#organization"},"image":{"@id":"https:\/\/palmerodespachante.uy\/index.php\/2025\/04\/03\/ee-uu-aplica-nuevos-aranceles-y-afecta-al-comercio-de-uruguay\/#primaryimage"},"thumbnailUrl":"https:\/\/palmerodespachante.uy\/wp-content\/uploads\/2025\/04\/aranceles-usa.jpg","inLanguage":"es","potentialAction":[{"@type":"CommentAction","name":"Comment","target":["https:\/\/palmerodespachante.uy\/index.php\/2025\/04\/03\/ee-uu-aplica-nuevos-aranceles-y-afecta-al-comercio-de-uruguay\/#respond"]}]},{"@type":"WebPage","@id":"https:\/\/palmerodespachante.uy\/index.php\/2025\/04\/03\/ee-uu-aplica-nuevos-aranceles-y-afecta-al-comercio-de-uruguay\/","url":"https:\/\/palmerodespachante.uy\/index.php\/2025\/04\/03\/ee-uu-aplica-nuevos-aranceles-y-afecta-al-comercio-de-uruguay\/","name":"EE.UU. aplica nuevos aranceles y afecta al comercio de Uruguay - Palmero Despachante de Aduana","isPartOf":{"@id":"https:\/\/palmerodespachante.uy\/#website"},"primaryImageOfPage":{"@id":"https:\/\/palmerodespachante.uy\/index.php\/2025\/04\/03\/ee-uu-aplica-nuevos-aranceles-y-afecta-al-comercio-de-uruguay\/#primaryimage"},"image":{"@id":"https:\/\/palmerodespachante.uy\/index.php\/2025\/04\/03\/ee-uu-aplica-nuevos-aranceles-y-afecta-al-comercio-de-uruguay\/#primaryimage"},"thumbnailUrl":"https:\/\/palmerodespachante.uy\/wp-content\/uploads\/2025\/04\/aranceles-usa.jpg","datePublished":"2025-04-03T13:27:02+00:00","dateModified":"2025-04-03T13:27:03+00:00","breadcrumb":{"@id":"https:\/\/palmerodespachante.uy\/index.php\/2025\/04\/03\/ee-uu-aplica-nuevos-aranceles-y-afecta-al-comercio-de-uruguay\/#breadcrumb"},"inLanguage":"es","potentialAction":[{"@type":"ReadAction","target":["https:\/\/palmerodespachante.uy\/index.php\/2025\/04\/03\/ee-uu-aplica-nuevos-aranceles-y-afecta-al-comercio-de-uruguay\/"]}]},{"@type":"ImageObject","inLanguage":"es","@id":"https:\/\/palmerodespachante.uy\/index.php\/2025\/04\/03\/ee-uu-aplica-nuevos-aranceles-y-afecta-al-comercio-de-uruguay\/#primaryimage","url":"https:\/\/palmerodespachante.uy\/wp-content\/uploads\/2025\/04\/aranceles-usa.jpg","contentUrl":"https:\/\/palmerodespachante.uy\/wp-content\/uploads\/2025\/04\/aranceles-usa.jpg","width":768,"height":432},{"@type":"BreadcrumbList","@id":"https:\/\/palmerodespachante.uy\/index.php\/2025\/04\/03\/ee-uu-aplica-nuevos-aranceles-y-afecta-al-comercio-de-uruguay\/#breadcrumb","itemListElement":[{"@type":"ListItem","position":1,"name":"Portada","item":"https:\/\/palmerodespachante.uy\/"},{"@type":"ListItem","position":2,"name":"EE.UU. aplica nuevos aranceles y afecta al comercio de Uruguay"}]},{"@type":"WebSite","@id":"https:\/\/palmerodespachante.uy\/#website","url":"https:\/\/palmerodespachante.uy\/","name":"Palmero Despachante de Aduana","description":"Importaci\u00f3n, Exportaci\u00f3n, Tr\u00e1nsito","publisher":{"@id":"https:\/\/palmerodespachante.uy\/#organization"},"potentialAction":[{"@type":"SearchAction","target":{"@type":"EntryPoint","urlTemplate":"https:\/\/palmerodespachante.uy\/?s={search_term_string}"},"query-input":{"@type":"PropertyValueSpecification","valueRequired":true,"valueName":"search_term_string"}}],"inLanguage":"es"},{"@type":"Organization","@id":"https:\/\/palmerodespachante.uy\/#organization","name":"Palmero Despachante de Aduanas","url":"https:\/\/palmerodespachante.uy\/","logo":{"@type":"ImageObject","inLanguage":"es","@id":"https:\/\/palmerodespachante.uy\/#\/schema\/logo\/image\/","url":"https:\/\/palmerodespachante.uy\/wp-content\/uploads\/2018\/08\/Logo-144.png","contentUrl":"https:\/\/palmerodespachante.uy\/wp-content\/uploads\/2018\/08\/Logo-144.png","width":144,"height":144,"caption":"Palmero Despachante de Aduanas"},"image":{"@id":"https:\/\/palmerodespachante.uy\/#\/schema\/logo\/image\/"},"sameAs":["https:\/\/www.facebook.com\/despachantedeaduana.palmero?hc_ref=ARQPWzEmqFz3O_9qTlrxPP6NW-Vf1b4-iJdwH7XdkuWdfarefzfPyjY7DGBCye4mnJs","https:\/\/www.linkedin.com\/company\/despachante-de-aduana-palmero\/"]},{"@type":"Person","@id":"https:\/\/palmerodespachante.uy\/#\/schema\/person\/9eabdcdc87fc74d275cc2faf2ce2f732","name":"Javier Palmero","image":{"@type":"ImageObject","inLanguage":"es","@id":"https:\/\/palmerodespachante.uy\/wp-content\/litespeed\/avatar\/8e783966089c8fa82b27a6627fb956c2.jpg?ver=1777463218","url":"https:\/\/palmerodespachante.uy\/wp-content\/litespeed\/avatar\/8e783966089c8fa82b27a6627fb956c2.jpg?ver=1777463218","contentUrl":"https:\/\/palmerodespachante.uy\/wp-content\/litespeed\/avatar\/8e783966089c8fa82b27a6627fb956c2.jpg?ver=1777463218","caption":"Javier Palmero"}}]}},"jetpack_featured_media_url":"https:\/\/palmerodespachante.uy\/wp-content\/uploads\/2025\/04\/aranceles-usa.jpg","_links":{"self":[{"href":"https:\/\/palmerodespachante.uy\/index.php\/wp-json\/wp\/v2\/posts\/1379","targetHints":{"allow":["GET"]}}],"collection":[{"href":"https:\/\/palmerodespachante.uy\/index.php\/wp-json\/wp\/v2\/posts"}],"about":[{"href":"https:\/\/palmerodespachante.uy\/index.php\/wp-json\/wp\/v2\/types\/post"}],"author":[{"embeddable":true,"href":"https:\/\/palmerodespachante.uy\/index.php\/wp-json\/wp\/v2\/users\/3"}],"replies":[{"embeddable":true,"href":"https:\/\/palmerodespachante.uy\/index.php\/wp-json\/wp\/v2\/comments?post=1379"}],"version-history":[{"count":1,"href":"https:\/\/palmerodespachante.uy\/index.php\/wp-json\/wp\/v2\/posts\/1379\/revisions"}],"predecessor-version":[{"id":1381,"href":"https:\/\/palmerodespachante.uy\/index.php\/wp-json\/wp\/v2\/posts\/1379\/revisions\/1381"}],"wp:featuredmedia":[{"embeddable":true,"href":"https:\/\/palmerodespachante.uy\/index.php\/wp-json\/wp\/v2\/media\/1380"}],"wp:attachment":[{"href":"https:\/\/palmerodespachante.uy\/index.php\/wp-json\/wp\/v2\/media?parent=1379"}],"wp:term":[{"taxonomy":"category","embeddable":true,"href":"https:\/\/palmerodespachante.uy\/index.php\/wp-json\/wp\/v2\/categories?post=1379"},{"taxonomy":"post_tag","embeddable":true,"href":"https:\/\/palmerodespachante.uy\/index.php\/wp-json\/wp\/v2\/tags?post=1379"}],"curies":[{"name":"wp","href":"https:\/\/api.w.org\/{rel}","templated":true}]}}