{"id":1372,"date":"2025-03-27T17:00:36","date_gmt":"2025-03-27T20:00:36","guid":{"rendered":"https:\/\/palmerodespachante.uy\/?p=1372"},"modified":"2025-03-27T17:00:37","modified_gmt":"2025-03-27T20:00:37","slug":"que-espera-uno-de-los-principales-bancos-de-america-latina-para-la-economia-uruguaya","status":"publish","type":"post","link":"https:\/\/palmerodespachante.uy\/index.php\/2025\/03\/27\/que-espera-uno-de-los-principales-bancos-de-america-latina-para-la-economia-uruguaya\/","title":{"rendered":"\u00bfQU\u00c9 ESPERA UNO DE LOS PRINCIPALES BANCOS DE AM\u00c9RICA LATINA PARA LA ECONOM\u00cdA URUGUAYA?"},"content":{"rendered":"\n<p>Los mensajes en la asunci\u00f3n de Gabriel Oddone en el Ministerio de Econom\u00eda y Finanzas (MEF) y de Guillermo Tolosa en el Banco Central (BCU) en los que prev\u00e9n bajar la inflaci\u00f3n a 4,5%, acelerar el crecimiento del PIB (Producto Interno Bruto) y mantener la regla fiscal fueron observados de forma positiva por inversores extranjeros, seg\u00fan destacaron el economista del Banco Ita\u00fa Uruguay, Diego Ciongo y el director de Tesorer\u00eda, Teodoro Colaroff, en la presentaci\u00f3n del informe \u00abEscenario macro Uruguay\u201d. El banco brasile\u00f1o, que es uno de los principales de Am\u00e9rica Latina, tambi\u00e9n present\u00f3 sus proyecciones respecto a la econom\u00eda, el d\u00f3lar y otras variables para este a\u00f1o. Seg\u00fan explicaron los funcionarios del banco, estos objetivos representan una continuidad y proyecci\u00f3n para inversores extranjeros que resaltan la estabilidad econ\u00f3mica e institucional del pa\u00eds como atractivo principales. Uno de los objetivos fundamentales del banco es consolidarse como la \u00fanica instituci\u00f3n en la regi\u00f3n que brinda cobertura de commodities ante el desaf\u00edo de la volatilidad financiera con motivo de los r\u00e1pidos y constantes cambios que atraviesa el mundo. El informe destac\u00f3 que la actividad creci\u00f3 3,1% en 2024 con motivo de la recuperaci\u00f3n de la sequ\u00eda registrada en 2023. Este crecimiento hace que el banco prevea una expansi\u00f3n del PIB de 2,3% en 2025 con sesgo al alza debido a un arrastre estad\u00edstico positivo. Ciongo se\u00f1al\u00f3 que el consumo privado ser\u00e1 el principal impulsor del crecimiento de la econom\u00eda por dos motivos: los resultados de la temporada tur\u00edstica y los efectos del fortalecimiento del peso argentino. En ese sentido, el informe del banco se\u00f1al\u00f3 que la demanda interna aument\u00f3 3,3% interanual durante el \u00faltimo trimestre del a\u00f1o y el consumo privado creci\u00f3 2,7% en el mismo periodo. Esto se explica por un mayor gasto en bienes de consumo importados a partir de la reducci\u00f3n del gasto tur\u00edstico en el extranjero. (El Pa\u00eds)<\/p>\n","protected":false},"excerpt":{"rendered":"<p>Los mensajes en la asunci\u00f3n de Gabriel Oddone en el Ministerio de Econom\u00eda y Finanzas (MEF) y de Guillermo Tolosa en el Banco Central (BCU) en los que prev\u00e9n bajar la inflaci\u00f3n a 4,5%, acelerar el crecimiento del PIB (Producto Interno Bruto) y mantener la regla fiscal fueron observados de forma positiva por inversores extranjeros, [&hellip;]<\/p>\n","protected":false},"author":3,"featured_media":1373,"comment_status":"open","ping_status":"open","sticky":false,"template":"","format":"standard","meta":{"_joinchat":[],"footnotes":""},"categories":[37],"tags":[],"class_list":{"0":"post-1372","1":"post","2":"type-post","3":"status-publish","4":"format-standard","5":"has-post-thumbnail","7":"category-noticias"},"yoast_head":"<!-- This site is optimized with the Yoast SEO plugin v27.5 - https:\/\/yoast.com\/product\/yoast-seo-wordpress\/ -->\n<title>\u00bfQU\u00c9 ESPERA UNO DE LOS PRINCIPALES BANCOS DE AM\u00c9RICA LATINA PARA LA ECONOM\u00cdA URUGUAYA? - Palmero Despachante de Aduana<\/title>\n<meta name=\"robots\" content=\"noindex, follow\" \/>\n<meta property=\"og:locale\" content=\"es_ES\" \/>\n<meta property=\"og:type\" content=\"article\" \/>\n<meta property=\"og:title\" content=\"\u00bfQU\u00c9 ESPERA UNO DE LOS PRINCIPALES BANCOS DE AM\u00c9RICA LATINA PARA LA ECONOM\u00cdA URUGUAYA? - Palmero Despachante de Aduana\" \/>\n<meta property=\"og:description\" content=\"Los mensajes en la asunci\u00f3n de Gabriel Oddone en el Ministerio de Econom\u00eda y Finanzas (MEF) y de Guillermo Tolosa en el Banco Central (BCU) en los que prev\u00e9n bajar la inflaci\u00f3n a 4,5%, acelerar el crecimiento del PIB (Producto Interno Bruto) y mantener la regla fiscal fueron observados de forma positiva por inversores extranjeros, [&hellip;]\" \/>\n<meta property=\"og:url\" content=\"https:\/\/palmerodespachante.uy\/index.php\/2025\/03\/27\/que-espera-uno-de-los-principales-bancos-de-america-latina-para-la-economia-uruguaya\/\" \/>\n<meta property=\"og:site_name\" content=\"Palmero Despachante de Aduana\" \/>\n<meta property=\"article:publisher\" content=\"https:\/\/www.facebook.com\/despachantedeaduana.palmero?hc_ref=ARQPWzEmqFz3O_9qTlrxPP6NW-Vf1b4-iJdwH7XdkuWdfarefzfPyjY7DGBCye4mnJs\" \/>\n<meta property=\"article:published_time\" content=\"2025-03-27T20:00:36+00:00\" \/>\n<meta property=\"article:modified_time\" content=\"2025-03-27T20:00:37+00:00\" \/>\n<meta property=\"og:image\" content=\"http:\/\/palmerodespachante.uy\/wp-content\/uploads\/2025\/03\/Itau.jpg\" \/>\n\t<meta property=\"og:image:width\" content=\"1440\" \/>\n\t<meta property=\"og:image:height\" content=\"990\" \/>\n\t<meta property=\"og:image:type\" content=\"image\/jpeg\" \/>\n<meta name=\"author\" content=\"Javier Palmero\" \/>\n<meta name=\"twitter:card\" content=\"summary_large_image\" \/>\n<meta name=\"twitter:label1\" content=\"Escrito por\" \/>\n\t<meta name=\"twitter:data1\" content=\"Javier Palmero\" \/>\n\t<meta name=\"twitter:label2\" content=\"Tiempo de lectura\" \/>\n\t<meta name=\"twitter:data2\" content=\"2 minutos\" \/>\n<script type=\"application\/ld+json\" class=\"yoast-schema-graph\">{\"@context\":\"https:\\\/\\\/schema.org\",\"@graph\":[{\"@type\":\"Article\",\"@id\":\"https:\\\/\\\/palmerodespachante.uy\\\/index.php\\\/2025\\\/03\\\/27\\\/que-espera-uno-de-los-principales-bancos-de-america-latina-para-la-economia-uruguaya\\\/#article\",\"isPartOf\":{\"@id\":\"https:\\\/\\\/palmerodespachante.uy\\\/index.php\\\/2025\\\/03\\\/27\\\/que-espera-uno-de-los-principales-bancos-de-america-latina-para-la-economia-uruguaya\\\/\"},\"author\":{\"name\":\"Javier Palmero\",\"@id\":\"https:\\\/\\\/palmerodespachante.uy\\\/#\\\/schema\\\/person\\\/9eabdcdc87fc74d275cc2faf2ce2f732\"},\"headline\":\"\u00bfQU\u00c9 ESPERA UNO DE LOS PRINCIPALES BANCOS DE AM\u00c9RICA LATINA PARA LA ECONOM\u00cdA URUGUAYA?\",\"datePublished\":\"2025-03-27T20:00:36+00:00\",\"dateModified\":\"2025-03-27T20:00:37+00:00\",\"mainEntityOfPage\":{\"@id\":\"https:\\\/\\\/palmerodespachante.uy\\\/index.php\\\/2025\\\/03\\\/27\\\/que-espera-uno-de-los-principales-bancos-de-america-latina-para-la-economia-uruguaya\\\/\"},\"wordCount\":351,\"commentCount\":0,\"publisher\":{\"@id\":\"https:\\\/\\\/palmerodespachante.uy\\\/#organization\"},\"image\":{\"@id\":\"https:\\\/\\\/palmerodespachante.uy\\\/index.php\\\/2025\\\/03\\\/27\\\/que-espera-uno-de-los-principales-bancos-de-america-latina-para-la-economia-uruguaya\\\/#primaryimage\"},\"thumbnailUrl\":\"https:\\\/\\\/palmerodespachante.uy\\\/wp-content\\\/uploads\\\/2025\\\/03\\\/Itau.jpg\",\"articleSection\":[\"Noticias\"],\"inLanguage\":\"es\",\"potentialAction\":[{\"@type\":\"CommentAction\",\"name\":\"Comment\",\"target\":[\"https:\\\/\\\/palmerodespachante.uy\\\/index.php\\\/2025\\\/03\\\/27\\\/que-espera-uno-de-los-principales-bancos-de-america-latina-para-la-economia-uruguaya\\\/#respond\"]}]},{\"@type\":\"WebPage\",\"@id\":\"https:\\\/\\\/palmerodespachante.uy\\\/index.php\\\/2025\\\/03\\\/27\\\/que-espera-uno-de-los-principales-bancos-de-america-latina-para-la-economia-uruguaya\\\/\",\"url\":\"https:\\\/\\\/palmerodespachante.uy\\\/index.php\\\/2025\\\/03\\\/27\\\/que-espera-uno-de-los-principales-bancos-de-america-latina-para-la-economia-uruguaya\\\/\",\"name\":\"\u00bfQU\u00c9 ESPERA UNO DE LOS PRINCIPALES BANCOS DE AM\u00c9RICA LATINA PARA LA ECONOM\u00cdA URUGUAYA? - Palmero Despachante de Aduana\",\"isPartOf\":{\"@id\":\"https:\\\/\\\/palmerodespachante.uy\\\/#website\"},\"primaryImageOfPage\":{\"@id\":\"https:\\\/\\\/palmerodespachante.uy\\\/index.php\\\/2025\\\/03\\\/27\\\/que-espera-uno-de-los-principales-bancos-de-america-latina-para-la-economia-uruguaya\\\/#primaryimage\"},\"image\":{\"@id\":\"https:\\\/\\\/palmerodespachante.uy\\\/index.php\\\/2025\\\/03\\\/27\\\/que-espera-uno-de-los-principales-bancos-de-america-latina-para-la-economia-uruguaya\\\/#primaryimage\"},\"thumbnailUrl\":\"https:\\\/\\\/palmerodespachante.uy\\\/wp-content\\\/uploads\\\/2025\\\/03\\\/Itau.jpg\",\"datePublished\":\"2025-03-27T20:00:36+00:00\",\"dateModified\":\"2025-03-27T20:00:37+00:00\",\"breadcrumb\":{\"@id\":\"https:\\\/\\\/palmerodespachante.uy\\\/index.php\\\/2025\\\/03\\\/27\\\/que-espera-uno-de-los-principales-bancos-de-america-latina-para-la-economia-uruguaya\\\/#breadcrumb\"},\"inLanguage\":\"es\",\"potentialAction\":[{\"@type\":\"ReadAction\",\"target\":[\"https:\\\/\\\/palmerodespachante.uy\\\/index.php\\\/2025\\\/03\\\/27\\\/que-espera-uno-de-los-principales-bancos-de-america-latina-para-la-economia-uruguaya\\\/\"]}]},{\"@type\":\"ImageObject\",\"inLanguage\":\"es\",\"@id\":\"https:\\\/\\\/palmerodespachante.uy\\\/index.php\\\/2025\\\/03\\\/27\\\/que-espera-uno-de-los-principales-bancos-de-america-latina-para-la-economia-uruguaya\\\/#primaryimage\",\"url\":\"https:\\\/\\\/palmerodespachante.uy\\\/wp-content\\\/uploads\\\/2025\\\/03\\\/Itau.jpg\",\"contentUrl\":\"https:\\\/\\\/palmerodespachante.uy\\\/wp-content\\\/uploads\\\/2025\\\/03\\\/Itau.jpg\",\"width\":1440,\"height\":990},{\"@type\":\"BreadcrumbList\",\"@id\":\"https:\\\/\\\/palmerodespachante.uy\\\/index.php\\\/2025\\\/03\\\/27\\\/que-espera-uno-de-los-principales-bancos-de-america-latina-para-la-economia-uruguaya\\\/#breadcrumb\",\"itemListElement\":[{\"@type\":\"ListItem\",\"position\":1,\"name\":\"Portada\",\"item\":\"https:\\\/\\\/palmerodespachante.uy\\\/\"},{\"@type\":\"ListItem\",\"position\":2,\"name\":\"\u00bfQU\u00c9 ESPERA UNO DE LOS PRINCIPALES BANCOS DE AM\u00c9RICA LATINA PARA LA ECONOM\u00cdA URUGUAYA?\"}]},{\"@type\":\"WebSite\",\"@id\":\"https:\\\/\\\/palmerodespachante.uy\\\/#website\",\"url\":\"https:\\\/\\\/palmerodespachante.uy\\\/\",\"name\":\"Palmero Despachante de Aduana\",\"description\":\"Importaci\u00f3n, Exportaci\u00f3n, Tr\u00e1nsito\",\"publisher\":{\"@id\":\"https:\\\/\\\/palmerodespachante.uy\\\/#organization\"},\"potentialAction\":[{\"@type\":\"SearchAction\",\"target\":{\"@type\":\"EntryPoint\",\"urlTemplate\":\"https:\\\/\\\/palmerodespachante.uy\\\/?s={search_term_string}\"},\"query-input\":{\"@type\":\"PropertyValueSpecification\",\"valueRequired\":true,\"valueName\":\"search_term_string\"}}],\"inLanguage\":\"es\"},{\"@type\":\"Organization\",\"@id\":\"https:\\\/\\\/palmerodespachante.uy\\\/#organization\",\"name\":\"Palmero Despachante de Aduanas\",\"url\":\"https:\\\/\\\/palmerodespachante.uy\\\/\",\"logo\":{\"@type\":\"ImageObject\",\"inLanguage\":\"es\",\"@id\":\"https:\\\/\\\/palmerodespachante.uy\\\/#\\\/schema\\\/logo\\\/image\\\/\",\"url\":\"https:\\\/\\\/palmerodespachante.uy\\\/wp-content\\\/uploads\\\/2018\\\/08\\\/Logo-144.png\",\"contentUrl\":\"https:\\\/\\\/palmerodespachante.uy\\\/wp-content\\\/uploads\\\/2018\\\/08\\\/Logo-144.png\",\"width\":144,\"height\":144,\"caption\":\"Palmero Despachante de Aduanas\"},\"image\":{\"@id\":\"https:\\\/\\\/palmerodespachante.uy\\\/#\\\/schema\\\/logo\\\/image\\\/\"},\"sameAs\":[\"https:\\\/\\\/www.facebook.com\\\/despachantedeaduana.palmero?hc_ref=ARQPWzEmqFz3O_9qTlrxPP6NW-Vf1b4-iJdwH7XdkuWdfarefzfPyjY7DGBCye4mnJs\",\"https:\\\/\\\/www.linkedin.com\\\/company\\\/despachante-de-aduana-palmero\\\/\"]},{\"@type\":\"Person\",\"@id\":\"https:\\\/\\\/palmerodespachante.uy\\\/#\\\/schema\\\/person\\\/9eabdcdc87fc74d275cc2faf2ce2f732\",\"name\":\"Javier Palmero\",\"image\":{\"@type\":\"ImageObject\",\"inLanguage\":\"es\",\"@id\":\"https:\\\/\\\/palmerodespachante.uy\\\/wp-content\\\/litespeed\\\/avatar\\\/8e783966089c8fa82b27a6627fb956c2.jpg?ver=1777463218\",\"url\":\"https:\\\/\\\/palmerodespachante.uy\\\/wp-content\\\/litespeed\\\/avatar\\\/8e783966089c8fa82b27a6627fb956c2.jpg?ver=1777463218\",\"contentUrl\":\"https:\\\/\\\/palmerodespachante.uy\\\/wp-content\\\/litespeed\\\/avatar\\\/8e783966089c8fa82b27a6627fb956c2.jpg?ver=1777463218\",\"caption\":\"Javier Palmero\"}}]}<\/script>\n<!-- \/ Yoast SEO plugin. -->","yoast_head_json":{"title":"\u00bfQU\u00c9 ESPERA UNO DE LOS PRINCIPALES BANCOS DE AM\u00c9RICA LATINA PARA LA ECONOM\u00cdA URUGUAYA? - Palmero Despachante de Aduana","robots":{"index":"noindex","follow":"follow"},"og_locale":"es_ES","og_type":"article","og_title":"\u00bfQU\u00c9 ESPERA UNO DE LOS PRINCIPALES BANCOS DE AM\u00c9RICA LATINA PARA LA ECONOM\u00cdA URUGUAYA? - Palmero Despachante de Aduana","og_description":"Los mensajes en la asunci\u00f3n de Gabriel Oddone en el Ministerio de Econom\u00eda y Finanzas (MEF) y de Guillermo Tolosa en el Banco Central (BCU) en los que prev\u00e9n bajar la inflaci\u00f3n a 4,5%, acelerar el crecimiento del PIB (Producto Interno Bruto) y mantener la regla fiscal fueron observados de forma positiva por inversores extranjeros, [&hellip;]","og_url":"https:\/\/palmerodespachante.uy\/index.php\/2025\/03\/27\/que-espera-uno-de-los-principales-bancos-de-america-latina-para-la-economia-uruguaya\/","og_site_name":"Palmero Despachante de Aduana","article_publisher":"https:\/\/www.facebook.com\/despachantedeaduana.palmero?hc_ref=ARQPWzEmqFz3O_9qTlrxPP6NW-Vf1b4-iJdwH7XdkuWdfarefzfPyjY7DGBCye4mnJs","article_published_time":"2025-03-27T20:00:36+00:00","article_modified_time":"2025-03-27T20:00:37+00:00","og_image":[{"width":1440,"height":990,"url":"http:\/\/palmerodespachante.uy\/wp-content\/uploads\/2025\/03\/Itau.jpg","type":"image\/jpeg"}],"author":"Javier Palmero","twitter_card":"summary_large_image","twitter_misc":{"Escrito por":"Javier Palmero","Tiempo de lectura":"2 minutos"},"schema":{"@context":"https:\/\/schema.org","@graph":[{"@type":"Article","@id":"https:\/\/palmerodespachante.uy\/index.php\/2025\/03\/27\/que-espera-uno-de-los-principales-bancos-de-america-latina-para-la-economia-uruguaya\/#article","isPartOf":{"@id":"https:\/\/palmerodespachante.uy\/index.php\/2025\/03\/27\/que-espera-uno-de-los-principales-bancos-de-america-latina-para-la-economia-uruguaya\/"},"author":{"name":"Javier Palmero","@id":"https:\/\/palmerodespachante.uy\/#\/schema\/person\/9eabdcdc87fc74d275cc2faf2ce2f732"},"headline":"\u00bfQU\u00c9 ESPERA UNO DE LOS PRINCIPALES BANCOS DE AM\u00c9RICA LATINA PARA LA ECONOM\u00cdA URUGUAYA?","datePublished":"2025-03-27T20:00:36+00:00","dateModified":"2025-03-27T20:00:37+00:00","mainEntityOfPage":{"@id":"https:\/\/palmerodespachante.uy\/index.php\/2025\/03\/27\/que-espera-uno-de-los-principales-bancos-de-america-latina-para-la-economia-uruguaya\/"},"wordCount":351,"commentCount":0,"publisher":{"@id":"https:\/\/palmerodespachante.uy\/#organization"},"image":{"@id":"https:\/\/palmerodespachante.uy\/index.php\/2025\/03\/27\/que-espera-uno-de-los-principales-bancos-de-america-latina-para-la-economia-uruguaya\/#primaryimage"},"thumbnailUrl":"https:\/\/palmerodespachante.uy\/wp-content\/uploads\/2025\/03\/Itau.jpg","articleSection":["Noticias"],"inLanguage":"es","potentialAction":[{"@type":"CommentAction","name":"Comment","target":["https:\/\/palmerodespachante.uy\/index.php\/2025\/03\/27\/que-espera-uno-de-los-principales-bancos-de-america-latina-para-la-economia-uruguaya\/#respond"]}]},{"@type":"WebPage","@id":"https:\/\/palmerodespachante.uy\/index.php\/2025\/03\/27\/que-espera-uno-de-los-principales-bancos-de-america-latina-para-la-economia-uruguaya\/","url":"https:\/\/palmerodespachante.uy\/index.php\/2025\/03\/27\/que-espera-uno-de-los-principales-bancos-de-america-latina-para-la-economia-uruguaya\/","name":"\u00bfQU\u00c9 ESPERA UNO DE LOS PRINCIPALES BANCOS DE AM\u00c9RICA LATINA PARA LA ECONOM\u00cdA URUGUAYA? - Palmero Despachante de Aduana","isPartOf":{"@id":"https:\/\/palmerodespachante.uy\/#website"},"primaryImageOfPage":{"@id":"https:\/\/palmerodespachante.uy\/index.php\/2025\/03\/27\/que-espera-uno-de-los-principales-bancos-de-america-latina-para-la-economia-uruguaya\/#primaryimage"},"image":{"@id":"https:\/\/palmerodespachante.uy\/index.php\/2025\/03\/27\/que-espera-uno-de-los-principales-bancos-de-america-latina-para-la-economia-uruguaya\/#primaryimage"},"thumbnailUrl":"https:\/\/palmerodespachante.uy\/wp-content\/uploads\/2025\/03\/Itau.jpg","datePublished":"2025-03-27T20:00:36+00:00","dateModified":"2025-03-27T20:00:37+00:00","breadcrumb":{"@id":"https:\/\/palmerodespachante.uy\/index.php\/2025\/03\/27\/que-espera-uno-de-los-principales-bancos-de-america-latina-para-la-economia-uruguaya\/#breadcrumb"},"inLanguage":"es","potentialAction":[{"@type":"ReadAction","target":["https:\/\/palmerodespachante.uy\/index.php\/2025\/03\/27\/que-espera-uno-de-los-principales-bancos-de-america-latina-para-la-economia-uruguaya\/"]}]},{"@type":"ImageObject","inLanguage":"es","@id":"https:\/\/palmerodespachante.uy\/index.php\/2025\/03\/27\/que-espera-uno-de-los-principales-bancos-de-america-latina-para-la-economia-uruguaya\/#primaryimage","url":"https:\/\/palmerodespachante.uy\/wp-content\/uploads\/2025\/03\/Itau.jpg","contentUrl":"https:\/\/palmerodespachante.uy\/wp-content\/uploads\/2025\/03\/Itau.jpg","width":1440,"height":990},{"@type":"BreadcrumbList","@id":"https:\/\/palmerodespachante.uy\/index.php\/2025\/03\/27\/que-espera-uno-de-los-principales-bancos-de-america-latina-para-la-economia-uruguaya\/#breadcrumb","itemListElement":[{"@type":"ListItem","position":1,"name":"Portada","item":"https:\/\/palmerodespachante.uy\/"},{"@type":"ListItem","position":2,"name":"\u00bfQU\u00c9 ESPERA UNO DE LOS PRINCIPALES BANCOS DE AM\u00c9RICA LATINA PARA LA ECONOM\u00cdA URUGUAYA?"}]},{"@type":"WebSite","@id":"https:\/\/palmerodespachante.uy\/#website","url":"https:\/\/palmerodespachante.uy\/","name":"Palmero Despachante de Aduana","description":"Importaci\u00f3n, Exportaci\u00f3n, Tr\u00e1nsito","publisher":{"@id":"https:\/\/palmerodespachante.uy\/#organization"},"potentialAction":[{"@type":"SearchAction","target":{"@type":"EntryPoint","urlTemplate":"https:\/\/palmerodespachante.uy\/?s={search_term_string}"},"query-input":{"@type":"PropertyValueSpecification","valueRequired":true,"valueName":"search_term_string"}}],"inLanguage":"es"},{"@type":"Organization","@id":"https:\/\/palmerodespachante.uy\/#organization","name":"Palmero Despachante de Aduanas","url":"https:\/\/palmerodespachante.uy\/","logo":{"@type":"ImageObject","inLanguage":"es","@id":"https:\/\/palmerodespachante.uy\/#\/schema\/logo\/image\/","url":"https:\/\/palmerodespachante.uy\/wp-content\/uploads\/2018\/08\/Logo-144.png","contentUrl":"https:\/\/palmerodespachante.uy\/wp-content\/uploads\/2018\/08\/Logo-144.png","width":144,"height":144,"caption":"Palmero Despachante de Aduanas"},"image":{"@id":"https:\/\/palmerodespachante.uy\/#\/schema\/logo\/image\/"},"sameAs":["https:\/\/www.facebook.com\/despachantedeaduana.palmero?hc_ref=ARQPWzEmqFz3O_9qTlrxPP6NW-Vf1b4-iJdwH7XdkuWdfarefzfPyjY7DGBCye4mnJs","https:\/\/www.linkedin.com\/company\/despachante-de-aduana-palmero\/"]},{"@type":"Person","@id":"https:\/\/palmerodespachante.uy\/#\/schema\/person\/9eabdcdc87fc74d275cc2faf2ce2f732","name":"Javier Palmero","image":{"@type":"ImageObject","inLanguage":"es","@id":"https:\/\/palmerodespachante.uy\/wp-content\/litespeed\/avatar\/8e783966089c8fa82b27a6627fb956c2.jpg?ver=1777463218","url":"https:\/\/palmerodespachante.uy\/wp-content\/litespeed\/avatar\/8e783966089c8fa82b27a6627fb956c2.jpg?ver=1777463218","contentUrl":"https:\/\/palmerodespachante.uy\/wp-content\/litespeed\/avatar\/8e783966089c8fa82b27a6627fb956c2.jpg?ver=1777463218","caption":"Javier Palmero"}}]}},"jetpack_featured_media_url":"https:\/\/palmerodespachante.uy\/wp-content\/uploads\/2025\/03\/Itau.jpg","_links":{"self":[{"href":"https:\/\/palmerodespachante.uy\/index.php\/wp-json\/wp\/v2\/posts\/1372","targetHints":{"allow":["GET"]}}],"collection":[{"href":"https:\/\/palmerodespachante.uy\/index.php\/wp-json\/wp\/v2\/posts"}],"about":[{"href":"https:\/\/palmerodespachante.uy\/index.php\/wp-json\/wp\/v2\/types\/post"}],"author":[{"embeddable":true,"href":"https:\/\/palmerodespachante.uy\/index.php\/wp-json\/wp\/v2\/users\/3"}],"replies":[{"embeddable":true,"href":"https:\/\/palmerodespachante.uy\/index.php\/wp-json\/wp\/v2\/comments?post=1372"}],"version-history":[{"count":1,"href":"https:\/\/palmerodespachante.uy\/index.php\/wp-json\/wp\/v2\/posts\/1372\/revisions"}],"predecessor-version":[{"id":1374,"href":"https:\/\/palmerodespachante.uy\/index.php\/wp-json\/wp\/v2\/posts\/1372\/revisions\/1374"}],"wp:featuredmedia":[{"embeddable":true,"href":"https:\/\/palmerodespachante.uy\/index.php\/wp-json\/wp\/v2\/media\/1373"}],"wp:attachment":[{"href":"https:\/\/palmerodespachante.uy\/index.php\/wp-json\/wp\/v2\/media?parent=1372"}],"wp:term":[{"taxonomy":"category","embeddable":true,"href":"https:\/\/palmerodespachante.uy\/index.php\/wp-json\/wp\/v2\/categories?post=1372"},{"taxonomy":"post_tag","embeddable":true,"href":"https:\/\/palmerodespachante.uy\/index.php\/wp-json\/wp\/v2\/tags?post=1372"}],"curies":[{"name":"wp","href":"https:\/\/api.w.org\/{rel}","templated":true}]}}