{"id":1365,"date":"2025-02-24T15:49:41","date_gmt":"2025-02-24T18:49:41","guid":{"rendered":"https:\/\/palmerodespachante.uy\/?p=1365"},"modified":"2025-02-24T15:49:43","modified_gmt":"2025-02-24T18:49:43","slug":"el-lento-y-corto-proceso-de-crecimiento-de-las-empresas-uruguayas","status":"publish","type":"post","link":"https:\/\/palmerodespachante.uy\/index.php\/2025\/02\/24\/el-lento-y-corto-proceso-de-crecimiento-de-las-empresas-uruguayas\/","title":{"rendered":"EL \u00abLENTO Y CORTO PROCESO DE CRECIMIENTO\u00bb DE LAS EMPRESAS URUGUAYAS"},"content":{"rendered":"\n<p>En Uruguay, las micro (de uno a cuatro empleados) y peque\u00f1as empresas (de cinco a nueve trabajadores) representan m\u00e1s de nueve de cada 10 empresas formales del pa\u00eds (93,3%) y generan m\u00e1s de un tercio de los empleos formales del sector privado (36,2%). Es por eso que comprender sus din\u00e1micas es fundamental para entender las tendencias de creaci\u00f3n y destrucci\u00f3n de empresas y la generaci\u00f3n de empleo en Uruguay. En este escenario, una nueva encuesta sobre micro y peque\u00f1as empresas (mypes) realizada por la Agencia Nacional de Desarrollo, (ANDE) en conjunto con el Instituto Nacional de Estad\u00edstica (INE) y la Direcci\u00f3n Nacional de Artesan\u00edas, Peque\u00f1as y Medianas Empresas (Dinapyme) del Ministerio de Industria, mostr\u00f3 datos relevantes sobre este sector de actividad y sus l\u00edderes. En Uruguay, las microempresas son esencialmente sociedades personales (empresa unipersonal y sociedades de hecho) y usan, en gran proporci\u00f3n, los reg\u00edmenes especiales de tributaci\u00f3n (monotributo, monotributo social y r\u00e9gimen de peque\u00f1a empresa). Para el tramo de peque\u00f1as empresas, se observa una importancia sustancialmente mayor de las sociedades de capital (SRL, SAS y SA) y casi nueve de cada 10 tributa por r\u00e9gimen general. Los reg\u00edmenes especiales son proporcionalmente m\u00e1s usados por las micro del interior en relaci\u00f3n a las micro de Montevideo, mientras que no se evidencian diferencias importantes entre las peque\u00f1as. La gran mayor\u00eda utiliza servicios financieros b\u00e1sicos (caja de ahorro), y se financian con capital propio. El uso del cr\u00e9dito bancario en este tipo de empresas es muy bajo y la mayor\u00eda declara no usar fuentes de financiamiento externo porque no lo necesitan. Solo el 18,4% de las microempresas recibi\u00f3 un cr\u00e9dito en 2023, porcentaje que aumenta al 40,4% en peque\u00f1as empresas. En promedio, las microempresas tienen 8,3 a\u00f1os de edad, mientras que las empresas peque\u00f1as (5 a 9 personas ocupadas) tienen una edad promedio de 21,8 a\u00f1os. Por otra parte, la mitad de las micro tienen menos de cinco a\u00f1os (mediana), mientras que una de cada dos empresas peque\u00f1as tiene menos de 15 a\u00f1os (mediana). (El Observador \u2013 24\/02)<\/p>\n","protected":false},"excerpt":{"rendered":"<p>En Uruguay, las micro (de uno a cuatro empleados) y peque\u00f1as empresas (de cinco a nueve trabajadores) representan m\u00e1s de nueve de cada 10 empresas formales del pa\u00eds (93,3%) y generan m\u00e1s de un tercio de los empleos formales del sector privado (36,2%). Es por eso que comprender sus din\u00e1micas es fundamental para entender las [&hellip;]<\/p>\n","protected":false},"author":3,"featured_media":1366,"comment_status":"open","ping_status":"open","sticky":false,"template":"","format":"standard","meta":{"_joinchat":[],"footnotes":""},"categories":[15],"tags":[],"class_list":{"0":"post-1365","1":"post","2":"type-post","3":"status-publish","4":"format-standard","5":"has-post-thumbnail","7":"category-sin-categoria-es"},"yoast_head":"<!-- This site is optimized with the Yoast SEO plugin v27.5 - https:\/\/yoast.com\/product\/yoast-seo-wordpress\/ -->\n<title>EL &quot;LENTO Y CORTO PROCESO DE CRECIMIENTO&quot; DE LAS EMPRESAS URUGUAYAS - Palmero Despachante de Aduana<\/title>\n<meta name=\"robots\" content=\"noindex, follow\" \/>\n<meta property=\"og:locale\" content=\"es_ES\" \/>\n<meta property=\"og:type\" content=\"article\" \/>\n<meta property=\"og:title\" content=\"EL &quot;LENTO Y CORTO PROCESO DE CRECIMIENTO&quot; DE LAS EMPRESAS URUGUAYAS - Palmero Despachante de Aduana\" \/>\n<meta property=\"og:description\" content=\"En Uruguay, las micro (de uno a cuatro empleados) y peque\u00f1as empresas (de cinco a nueve trabajadores) representan m\u00e1s de nueve de cada 10 empresas formales del pa\u00eds (93,3%) y generan m\u00e1s de un tercio de los empleos formales del sector privado (36,2%). Es por eso que comprender sus din\u00e1micas es fundamental para entender las [&hellip;]\" \/>\n<meta property=\"og:url\" content=\"https:\/\/palmerodespachante.uy\/index.php\/2025\/02\/24\/el-lento-y-corto-proceso-de-crecimiento-de-las-empresas-uruguayas\/\" \/>\n<meta property=\"og:site_name\" content=\"Palmero Despachante de Aduana\" \/>\n<meta property=\"article:publisher\" content=\"https:\/\/www.facebook.com\/despachantedeaduana.palmero?hc_ref=ARQPWzEmqFz3O_9qTlrxPP6NW-Vf1b4-iJdwH7XdkuWdfarefzfPyjY7DGBCye4mnJs\" \/>\n<meta property=\"article:published_time\" content=\"2025-02-24T18:49:41+00:00\" \/>\n<meta property=\"article:modified_time\" content=\"2025-02-24T18:49:43+00:00\" \/>\n<meta property=\"og:image\" content=\"http:\/\/palmerodespachante.uy\/wp-content\/uploads\/2025\/02\/EMPRESAS.jpg\" \/>\n\t<meta property=\"og:image:width\" content=\"1000\" \/>\n\t<meta property=\"og:image:height\" content=\"497\" \/>\n\t<meta property=\"og:image:type\" content=\"image\/jpeg\" \/>\n<meta name=\"author\" content=\"Javier Palmero\" \/>\n<meta name=\"twitter:card\" content=\"summary_large_image\" \/>\n<meta name=\"twitter:label1\" content=\"Escrito por\" \/>\n\t<meta name=\"twitter:data1\" content=\"Javier Palmero\" \/>\n\t<meta name=\"twitter:label2\" content=\"Tiempo de lectura\" \/>\n\t<meta name=\"twitter:data2\" content=\"2 minutos\" \/>\n<script type=\"application\/ld+json\" class=\"yoast-schema-graph\">{\"@context\":\"https:\\\/\\\/schema.org\",\"@graph\":[{\"@type\":\"Article\",\"@id\":\"https:\\\/\\\/palmerodespachante.uy\\\/index.php\\\/2025\\\/02\\\/24\\\/el-lento-y-corto-proceso-de-crecimiento-de-las-empresas-uruguayas\\\/#article\",\"isPartOf\":{\"@id\":\"https:\\\/\\\/palmerodespachante.uy\\\/index.php\\\/2025\\\/02\\\/24\\\/el-lento-y-corto-proceso-de-crecimiento-de-las-empresas-uruguayas\\\/\"},\"author\":{\"name\":\"Javier Palmero\",\"@id\":\"https:\\\/\\\/palmerodespachante.uy\\\/#\\\/schema\\\/person\\\/9eabdcdc87fc74d275cc2faf2ce2f732\"},\"headline\":\"EL \u00abLENTO Y CORTO PROCESO DE CRECIMIENTO\u00bb DE LAS EMPRESAS URUGUAYAS\",\"datePublished\":\"2025-02-24T18:49:41+00:00\",\"dateModified\":\"2025-02-24T18:49:43+00:00\",\"mainEntityOfPage\":{\"@id\":\"https:\\\/\\\/palmerodespachante.uy\\\/index.php\\\/2025\\\/02\\\/24\\\/el-lento-y-corto-proceso-de-crecimiento-de-las-empresas-uruguayas\\\/\"},\"wordCount\":370,\"commentCount\":0,\"publisher\":{\"@id\":\"https:\\\/\\\/palmerodespachante.uy\\\/#organization\"},\"image\":{\"@id\":\"https:\\\/\\\/palmerodespachante.uy\\\/index.php\\\/2025\\\/02\\\/24\\\/el-lento-y-corto-proceso-de-crecimiento-de-las-empresas-uruguayas\\\/#primaryimage\"},\"thumbnailUrl\":\"https:\\\/\\\/palmerodespachante.uy\\\/wp-content\\\/uploads\\\/2025\\\/02\\\/EMPRESAS.jpg\",\"inLanguage\":\"es\",\"potentialAction\":[{\"@type\":\"CommentAction\",\"name\":\"Comment\",\"target\":[\"https:\\\/\\\/palmerodespachante.uy\\\/index.php\\\/2025\\\/02\\\/24\\\/el-lento-y-corto-proceso-de-crecimiento-de-las-empresas-uruguayas\\\/#respond\"]}]},{\"@type\":\"WebPage\",\"@id\":\"https:\\\/\\\/palmerodespachante.uy\\\/index.php\\\/2025\\\/02\\\/24\\\/el-lento-y-corto-proceso-de-crecimiento-de-las-empresas-uruguayas\\\/\",\"url\":\"https:\\\/\\\/palmerodespachante.uy\\\/index.php\\\/2025\\\/02\\\/24\\\/el-lento-y-corto-proceso-de-crecimiento-de-las-empresas-uruguayas\\\/\",\"name\":\"EL \\\"LENTO Y CORTO PROCESO DE CRECIMIENTO\\\" DE LAS EMPRESAS URUGUAYAS - Palmero Despachante de Aduana\",\"isPartOf\":{\"@id\":\"https:\\\/\\\/palmerodespachante.uy\\\/#website\"},\"primaryImageOfPage\":{\"@id\":\"https:\\\/\\\/palmerodespachante.uy\\\/index.php\\\/2025\\\/02\\\/24\\\/el-lento-y-corto-proceso-de-crecimiento-de-las-empresas-uruguayas\\\/#primaryimage\"},\"image\":{\"@id\":\"https:\\\/\\\/palmerodespachante.uy\\\/index.php\\\/2025\\\/02\\\/24\\\/el-lento-y-corto-proceso-de-crecimiento-de-las-empresas-uruguayas\\\/#primaryimage\"},\"thumbnailUrl\":\"https:\\\/\\\/palmerodespachante.uy\\\/wp-content\\\/uploads\\\/2025\\\/02\\\/EMPRESAS.jpg\",\"datePublished\":\"2025-02-24T18:49:41+00:00\",\"dateModified\":\"2025-02-24T18:49:43+00:00\",\"breadcrumb\":{\"@id\":\"https:\\\/\\\/palmerodespachante.uy\\\/index.php\\\/2025\\\/02\\\/24\\\/el-lento-y-corto-proceso-de-crecimiento-de-las-empresas-uruguayas\\\/#breadcrumb\"},\"inLanguage\":\"es\",\"potentialAction\":[{\"@type\":\"ReadAction\",\"target\":[\"https:\\\/\\\/palmerodespachante.uy\\\/index.php\\\/2025\\\/02\\\/24\\\/el-lento-y-corto-proceso-de-crecimiento-de-las-empresas-uruguayas\\\/\"]}]},{\"@type\":\"ImageObject\",\"inLanguage\":\"es\",\"@id\":\"https:\\\/\\\/palmerodespachante.uy\\\/index.php\\\/2025\\\/02\\\/24\\\/el-lento-y-corto-proceso-de-crecimiento-de-las-empresas-uruguayas\\\/#primaryimage\",\"url\":\"https:\\\/\\\/palmerodespachante.uy\\\/wp-content\\\/uploads\\\/2025\\\/02\\\/EMPRESAS.jpg\",\"contentUrl\":\"https:\\\/\\\/palmerodespachante.uy\\\/wp-content\\\/uploads\\\/2025\\\/02\\\/EMPRESAS.jpg\",\"width\":1000,\"height\":497},{\"@type\":\"BreadcrumbList\",\"@id\":\"https:\\\/\\\/palmerodespachante.uy\\\/index.php\\\/2025\\\/02\\\/24\\\/el-lento-y-corto-proceso-de-crecimiento-de-las-empresas-uruguayas\\\/#breadcrumb\",\"itemListElement\":[{\"@type\":\"ListItem\",\"position\":1,\"name\":\"Portada\",\"item\":\"https:\\\/\\\/palmerodespachante.uy\\\/\"},{\"@type\":\"ListItem\",\"position\":2,\"name\":\"EL \u00abLENTO Y CORTO PROCESO DE CRECIMIENTO\u00bb DE LAS EMPRESAS URUGUAYAS\"}]},{\"@type\":\"WebSite\",\"@id\":\"https:\\\/\\\/palmerodespachante.uy\\\/#website\",\"url\":\"https:\\\/\\\/palmerodespachante.uy\\\/\",\"name\":\"Palmero Despachante de Aduana\",\"description\":\"Importaci\u00f3n, Exportaci\u00f3n, Tr\u00e1nsito\",\"publisher\":{\"@id\":\"https:\\\/\\\/palmerodespachante.uy\\\/#organization\"},\"potentialAction\":[{\"@type\":\"SearchAction\",\"target\":{\"@type\":\"EntryPoint\",\"urlTemplate\":\"https:\\\/\\\/palmerodespachante.uy\\\/?s={search_term_string}\"},\"query-input\":{\"@type\":\"PropertyValueSpecification\",\"valueRequired\":true,\"valueName\":\"search_term_string\"}}],\"inLanguage\":\"es\"},{\"@type\":\"Organization\",\"@id\":\"https:\\\/\\\/palmerodespachante.uy\\\/#organization\",\"name\":\"Palmero Despachante de Aduanas\",\"url\":\"https:\\\/\\\/palmerodespachante.uy\\\/\",\"logo\":{\"@type\":\"ImageObject\",\"inLanguage\":\"es\",\"@id\":\"https:\\\/\\\/palmerodespachante.uy\\\/#\\\/schema\\\/logo\\\/image\\\/\",\"url\":\"https:\\\/\\\/palmerodespachante.uy\\\/wp-content\\\/uploads\\\/2018\\\/08\\\/Logo-144.png\",\"contentUrl\":\"https:\\\/\\\/palmerodespachante.uy\\\/wp-content\\\/uploads\\\/2018\\\/08\\\/Logo-144.png\",\"width\":144,\"height\":144,\"caption\":\"Palmero Despachante de Aduanas\"},\"image\":{\"@id\":\"https:\\\/\\\/palmerodespachante.uy\\\/#\\\/schema\\\/logo\\\/image\\\/\"},\"sameAs\":[\"https:\\\/\\\/www.facebook.com\\\/despachantedeaduana.palmero?hc_ref=ARQPWzEmqFz3O_9qTlrxPP6NW-Vf1b4-iJdwH7XdkuWdfarefzfPyjY7DGBCye4mnJs\",\"https:\\\/\\\/www.linkedin.com\\\/company\\\/despachante-de-aduana-palmero\\\/\"]},{\"@type\":\"Person\",\"@id\":\"https:\\\/\\\/palmerodespachante.uy\\\/#\\\/schema\\\/person\\\/9eabdcdc87fc74d275cc2faf2ce2f732\",\"name\":\"Javier Palmero\",\"image\":{\"@type\":\"ImageObject\",\"inLanguage\":\"es\",\"@id\":\"https:\\\/\\\/palmerodespachante.uy\\\/wp-content\\\/litespeed\\\/avatar\\\/8e783966089c8fa82b27a6627fb956c2.jpg?ver=1777463218\",\"url\":\"https:\\\/\\\/palmerodespachante.uy\\\/wp-content\\\/litespeed\\\/avatar\\\/8e783966089c8fa82b27a6627fb956c2.jpg?ver=1777463218\",\"contentUrl\":\"https:\\\/\\\/palmerodespachante.uy\\\/wp-content\\\/litespeed\\\/avatar\\\/8e783966089c8fa82b27a6627fb956c2.jpg?ver=1777463218\",\"caption\":\"Javier Palmero\"}}]}<\/script>\n<!-- \/ Yoast SEO plugin. -->","yoast_head_json":{"title":"EL \"LENTO Y CORTO PROCESO DE CRECIMIENTO\" DE LAS EMPRESAS URUGUAYAS - Palmero Despachante de Aduana","robots":{"index":"noindex","follow":"follow"},"og_locale":"es_ES","og_type":"article","og_title":"EL \"LENTO Y CORTO PROCESO DE CRECIMIENTO\" DE LAS EMPRESAS URUGUAYAS - Palmero Despachante de Aduana","og_description":"En Uruguay, las micro (de uno a cuatro empleados) y peque\u00f1as empresas (de cinco a nueve trabajadores) representan m\u00e1s de nueve de cada 10 empresas formales del pa\u00eds (93,3%) y generan m\u00e1s de un tercio de los empleos formales del sector privado (36,2%). Es por eso que comprender sus din\u00e1micas es fundamental para entender las [&hellip;]","og_url":"https:\/\/palmerodespachante.uy\/index.php\/2025\/02\/24\/el-lento-y-corto-proceso-de-crecimiento-de-las-empresas-uruguayas\/","og_site_name":"Palmero Despachante de Aduana","article_publisher":"https:\/\/www.facebook.com\/despachantedeaduana.palmero?hc_ref=ARQPWzEmqFz3O_9qTlrxPP6NW-Vf1b4-iJdwH7XdkuWdfarefzfPyjY7DGBCye4mnJs","article_published_time":"2025-02-24T18:49:41+00:00","article_modified_time":"2025-02-24T18:49:43+00:00","og_image":[{"width":1000,"height":497,"url":"http:\/\/palmerodespachante.uy\/wp-content\/uploads\/2025\/02\/EMPRESAS.jpg","type":"image\/jpeg"}],"author":"Javier Palmero","twitter_card":"summary_large_image","twitter_misc":{"Escrito por":"Javier Palmero","Tiempo de lectura":"2 minutos"},"schema":{"@context":"https:\/\/schema.org","@graph":[{"@type":"Article","@id":"https:\/\/palmerodespachante.uy\/index.php\/2025\/02\/24\/el-lento-y-corto-proceso-de-crecimiento-de-las-empresas-uruguayas\/#article","isPartOf":{"@id":"https:\/\/palmerodespachante.uy\/index.php\/2025\/02\/24\/el-lento-y-corto-proceso-de-crecimiento-de-las-empresas-uruguayas\/"},"author":{"name":"Javier Palmero","@id":"https:\/\/palmerodespachante.uy\/#\/schema\/person\/9eabdcdc87fc74d275cc2faf2ce2f732"},"headline":"EL \u00abLENTO Y CORTO PROCESO DE CRECIMIENTO\u00bb DE LAS EMPRESAS URUGUAYAS","datePublished":"2025-02-24T18:49:41+00:00","dateModified":"2025-02-24T18:49:43+00:00","mainEntityOfPage":{"@id":"https:\/\/palmerodespachante.uy\/index.php\/2025\/02\/24\/el-lento-y-corto-proceso-de-crecimiento-de-las-empresas-uruguayas\/"},"wordCount":370,"commentCount":0,"publisher":{"@id":"https:\/\/palmerodespachante.uy\/#organization"},"image":{"@id":"https:\/\/palmerodespachante.uy\/index.php\/2025\/02\/24\/el-lento-y-corto-proceso-de-crecimiento-de-las-empresas-uruguayas\/#primaryimage"},"thumbnailUrl":"https:\/\/palmerodespachante.uy\/wp-content\/uploads\/2025\/02\/EMPRESAS.jpg","inLanguage":"es","potentialAction":[{"@type":"CommentAction","name":"Comment","target":["https:\/\/palmerodespachante.uy\/index.php\/2025\/02\/24\/el-lento-y-corto-proceso-de-crecimiento-de-las-empresas-uruguayas\/#respond"]}]},{"@type":"WebPage","@id":"https:\/\/palmerodespachante.uy\/index.php\/2025\/02\/24\/el-lento-y-corto-proceso-de-crecimiento-de-las-empresas-uruguayas\/","url":"https:\/\/palmerodespachante.uy\/index.php\/2025\/02\/24\/el-lento-y-corto-proceso-de-crecimiento-de-las-empresas-uruguayas\/","name":"EL \"LENTO Y CORTO PROCESO DE CRECIMIENTO\" DE LAS EMPRESAS URUGUAYAS - Palmero Despachante de Aduana","isPartOf":{"@id":"https:\/\/palmerodespachante.uy\/#website"},"primaryImageOfPage":{"@id":"https:\/\/palmerodespachante.uy\/index.php\/2025\/02\/24\/el-lento-y-corto-proceso-de-crecimiento-de-las-empresas-uruguayas\/#primaryimage"},"image":{"@id":"https:\/\/palmerodespachante.uy\/index.php\/2025\/02\/24\/el-lento-y-corto-proceso-de-crecimiento-de-las-empresas-uruguayas\/#primaryimage"},"thumbnailUrl":"https:\/\/palmerodespachante.uy\/wp-content\/uploads\/2025\/02\/EMPRESAS.jpg","datePublished":"2025-02-24T18:49:41+00:00","dateModified":"2025-02-24T18:49:43+00:00","breadcrumb":{"@id":"https:\/\/palmerodespachante.uy\/index.php\/2025\/02\/24\/el-lento-y-corto-proceso-de-crecimiento-de-las-empresas-uruguayas\/#breadcrumb"},"inLanguage":"es","potentialAction":[{"@type":"ReadAction","target":["https:\/\/palmerodespachante.uy\/index.php\/2025\/02\/24\/el-lento-y-corto-proceso-de-crecimiento-de-las-empresas-uruguayas\/"]}]},{"@type":"ImageObject","inLanguage":"es","@id":"https:\/\/palmerodespachante.uy\/index.php\/2025\/02\/24\/el-lento-y-corto-proceso-de-crecimiento-de-las-empresas-uruguayas\/#primaryimage","url":"https:\/\/palmerodespachante.uy\/wp-content\/uploads\/2025\/02\/EMPRESAS.jpg","contentUrl":"https:\/\/palmerodespachante.uy\/wp-content\/uploads\/2025\/02\/EMPRESAS.jpg","width":1000,"height":497},{"@type":"BreadcrumbList","@id":"https:\/\/palmerodespachante.uy\/index.php\/2025\/02\/24\/el-lento-y-corto-proceso-de-crecimiento-de-las-empresas-uruguayas\/#breadcrumb","itemListElement":[{"@type":"ListItem","position":1,"name":"Portada","item":"https:\/\/palmerodespachante.uy\/"},{"@type":"ListItem","position":2,"name":"EL \u00abLENTO Y CORTO PROCESO DE CRECIMIENTO\u00bb DE LAS EMPRESAS URUGUAYAS"}]},{"@type":"WebSite","@id":"https:\/\/palmerodespachante.uy\/#website","url":"https:\/\/palmerodespachante.uy\/","name":"Palmero Despachante de Aduana","description":"Importaci\u00f3n, Exportaci\u00f3n, Tr\u00e1nsito","publisher":{"@id":"https:\/\/palmerodespachante.uy\/#organization"},"potentialAction":[{"@type":"SearchAction","target":{"@type":"EntryPoint","urlTemplate":"https:\/\/palmerodespachante.uy\/?s={search_term_string}"},"query-input":{"@type":"PropertyValueSpecification","valueRequired":true,"valueName":"search_term_string"}}],"inLanguage":"es"},{"@type":"Organization","@id":"https:\/\/palmerodespachante.uy\/#organization","name":"Palmero Despachante de Aduanas","url":"https:\/\/palmerodespachante.uy\/","logo":{"@type":"ImageObject","inLanguage":"es","@id":"https:\/\/palmerodespachante.uy\/#\/schema\/logo\/image\/","url":"https:\/\/palmerodespachante.uy\/wp-content\/uploads\/2018\/08\/Logo-144.png","contentUrl":"https:\/\/palmerodespachante.uy\/wp-content\/uploads\/2018\/08\/Logo-144.png","width":144,"height":144,"caption":"Palmero Despachante de Aduanas"},"image":{"@id":"https:\/\/palmerodespachante.uy\/#\/schema\/logo\/image\/"},"sameAs":["https:\/\/www.facebook.com\/despachantedeaduana.palmero?hc_ref=ARQPWzEmqFz3O_9qTlrxPP6NW-Vf1b4-iJdwH7XdkuWdfarefzfPyjY7DGBCye4mnJs","https:\/\/www.linkedin.com\/company\/despachante-de-aduana-palmero\/"]},{"@type":"Person","@id":"https:\/\/palmerodespachante.uy\/#\/schema\/person\/9eabdcdc87fc74d275cc2faf2ce2f732","name":"Javier Palmero","image":{"@type":"ImageObject","inLanguage":"es","@id":"https:\/\/palmerodespachante.uy\/wp-content\/litespeed\/avatar\/8e783966089c8fa82b27a6627fb956c2.jpg?ver=1777463218","url":"https:\/\/palmerodespachante.uy\/wp-content\/litespeed\/avatar\/8e783966089c8fa82b27a6627fb956c2.jpg?ver=1777463218","contentUrl":"https:\/\/palmerodespachante.uy\/wp-content\/litespeed\/avatar\/8e783966089c8fa82b27a6627fb956c2.jpg?ver=1777463218","caption":"Javier Palmero"}}]}},"jetpack_featured_media_url":"https:\/\/palmerodespachante.uy\/wp-content\/uploads\/2025\/02\/EMPRESAS.jpg","_links":{"self":[{"href":"https:\/\/palmerodespachante.uy\/index.php\/wp-json\/wp\/v2\/posts\/1365","targetHints":{"allow":["GET"]}}],"collection":[{"href":"https:\/\/palmerodespachante.uy\/index.php\/wp-json\/wp\/v2\/posts"}],"about":[{"href":"https:\/\/palmerodespachante.uy\/index.php\/wp-json\/wp\/v2\/types\/post"}],"author":[{"embeddable":true,"href":"https:\/\/palmerodespachante.uy\/index.php\/wp-json\/wp\/v2\/users\/3"}],"replies":[{"embeddable":true,"href":"https:\/\/palmerodespachante.uy\/index.php\/wp-json\/wp\/v2\/comments?post=1365"}],"version-history":[{"count":1,"href":"https:\/\/palmerodespachante.uy\/index.php\/wp-json\/wp\/v2\/posts\/1365\/revisions"}],"predecessor-version":[{"id":1367,"href":"https:\/\/palmerodespachante.uy\/index.php\/wp-json\/wp\/v2\/posts\/1365\/revisions\/1367"}],"wp:featuredmedia":[{"embeddable":true,"href":"https:\/\/palmerodespachante.uy\/index.php\/wp-json\/wp\/v2\/media\/1366"}],"wp:attachment":[{"href":"https:\/\/palmerodespachante.uy\/index.php\/wp-json\/wp\/v2\/media?parent=1365"}],"wp:term":[{"taxonomy":"category","embeddable":true,"href":"https:\/\/palmerodespachante.uy\/index.php\/wp-json\/wp\/v2\/categories?post=1365"},{"taxonomy":"post_tag","embeddable":true,"href":"https:\/\/palmerodespachante.uy\/index.php\/wp-json\/wp\/v2\/tags?post=1365"}],"curies":[{"name":"wp","href":"https:\/\/api.w.org\/{rel}","templated":true}]}}