{"id":1361,"date":"2025-01-31T11:35:04","date_gmt":"2025-01-31T14:35:04","guid":{"rendered":"https:\/\/palmerodespachante.uy\/?p=1361"},"modified":"2025-01-31T11:35:05","modified_gmt":"2025-01-31T14:35:05","slug":"nueva-terminal-de-courier-en-aeropuerto-de-carrasco","status":"publish","type":"post","link":"https:\/\/palmerodespachante.uy\/index.php\/2025\/01\/31\/nueva-terminal-de-courier-en-aeropuerto-de-carrasco\/","title":{"rendered":"Nueva terminal de Courier en Aeropuerto de Carrasco"},"content":{"rendered":"\n<p>El crecimiento del e-commerce en Uruguay impulsa nuevas inversiones. Latin American Cargo City (LACC) anunci\u00f3 la construcci\u00f3n de una terminal para couriers en el Aeropuerto Internacional de Carrasco.<\/p>\n\n\n\n<p>La obra comenzar\u00e1 en febrero y se espera su inauguraci\u00f3n en el segundo semestre de 2026.<\/p>\n\n\n\n<p>Este proyecto demandar\u00e1 m\u00e1s de 10 millones de d\u00f3lares e incluir\u00e1 un edificio de 5.000 m\u00b2 para atender la creciente demanda. Seg\u00fan Bruno Guella, gerente general de LACC, el auge del comercio electr\u00f3nico ha llevado a la empresa a adaptarse a esta nueva realidad. En 2024, el sector registr\u00f3 un crecimiento r\u00e9cord del 170 % en comparaci\u00f3n con el mismo per\u00edodo de 2023; impulsado por plataformas como Temu.<\/p>\n\n\n\n<p>El nuevo edificio multiplicar\u00e1 el espacio de almacenamiento, crear\u00e1 zonas de recepci\u00f3n de vuelos y ampliar\u00e1 los puntos de carga de camiones y camionetas. Adem\u00e1s, contar\u00e1 con almacenes verticales automatizados, c\u00e1maras de fr\u00edo y boxes individuales para operaciones exclusivas.<\/p>\n\n\n\n<p>La terminal operar\u00e1 24\/7 con personal exclusivo y tecnolog\u00eda de punta para optimizar tiempos y recursos. Guella destac\u00f3 que esta infraestructura posicionar\u00e1 a Uruguay a la par de los principales polos log\u00edsticos de la regi\u00f3n, permitiendo mejorar la eficiencia en el despacho de mercanc\u00edas.<\/p>\n\n\n\n<p>El auge del comercio digital ha llevado a gigantes como AliExpress, Shein y Amazon a fortalecer su presencia en Uruguay. Con esta nueva terminal, el pa\u00eds se consolida como un punto estrat\u00e9gico para la log\u00edstica de e-commerce en la regi\u00f3n.<\/p>\n\n\n\n<p><strong><em>TodologisticaNEWS<\/em><\/strong><\/p>\n\n\n\n<p><\/p>\n","protected":false},"excerpt":{"rendered":"<p>El crecimiento del e-commerce en Uruguay impulsa nuevas inversiones. Latin American Cargo City (LACC) anunci\u00f3 la construcci\u00f3n de una terminal para couriers en el Aeropuerto Internacional de Carrasco. La obra comenzar\u00e1 en febrero y se espera su inauguraci\u00f3n en el segundo semestre de 2026. Este proyecto demandar\u00e1 m\u00e1s de 10 millones de d\u00f3lares e incluir\u00e1 [&hellip;]<\/p>\n","protected":false},"author":3,"featured_media":1362,"comment_status":"open","ping_status":"open","sticky":false,"template":"","format":"standard","meta":{"_joinchat":[],"footnotes":""},"categories":[37],"tags":[],"class_list":{"0":"post-1361","1":"post","2":"type-post","3":"status-publish","4":"format-standard","5":"has-post-thumbnail","7":"category-noticias"},"yoast_head":"<!-- This site is optimized with the Yoast SEO plugin v27.5 - https:\/\/yoast.com\/product\/yoast-seo-wordpress\/ -->\n<title>Nueva terminal de Courier en Aeropuerto de Carrasco - Palmero Despachante de Aduana<\/title>\n<meta name=\"robots\" content=\"noindex, follow\" \/>\n<meta property=\"og:locale\" content=\"es_ES\" \/>\n<meta property=\"og:type\" content=\"article\" \/>\n<meta property=\"og:title\" content=\"Nueva terminal de Courier en Aeropuerto de Carrasco - Palmero Despachante de Aduana\" \/>\n<meta property=\"og:description\" content=\"El crecimiento del e-commerce en Uruguay impulsa nuevas inversiones. Latin American Cargo City (LACC) anunci\u00f3 la construcci\u00f3n de una terminal para couriers en el Aeropuerto Internacional de Carrasco. La obra comenzar\u00e1 en febrero y se espera su inauguraci\u00f3n en el segundo semestre de 2026. Este proyecto demandar\u00e1 m\u00e1s de 10 millones de d\u00f3lares e incluir\u00e1 [&hellip;]\" \/>\n<meta property=\"og:url\" content=\"https:\/\/palmerodespachante.uy\/index.php\/2025\/01\/31\/nueva-terminal-de-courier-en-aeropuerto-de-carrasco\/\" \/>\n<meta property=\"og:site_name\" content=\"Palmero Despachante de Aduana\" \/>\n<meta property=\"article:publisher\" content=\"https:\/\/www.facebook.com\/despachantedeaduana.palmero?hc_ref=ARQPWzEmqFz3O_9qTlrxPP6NW-Vf1b4-iJdwH7XdkuWdfarefzfPyjY7DGBCye4mnJs\" \/>\n<meta property=\"article:published_time\" content=\"2025-01-31T14:35:04+00:00\" \/>\n<meta property=\"article:modified_time\" content=\"2025-01-31T14:35:05+00:00\" \/>\n<meta property=\"og:image\" content=\"http:\/\/palmerodespachante.uy\/wp-content\/uploads\/2025\/01\/Nueva-terminal.jpg\" \/>\n\t<meta property=\"og:image:width\" content=\"768\" \/>\n\t<meta property=\"og:image:height\" content=\"366\" \/>\n\t<meta property=\"og:image:type\" content=\"image\/jpeg\" \/>\n<meta name=\"author\" content=\"Javier Palmero\" \/>\n<meta name=\"twitter:card\" content=\"summary_large_image\" \/>\n<meta name=\"twitter:label1\" content=\"Escrito por\" \/>\n\t<meta name=\"twitter:data1\" content=\"Javier Palmero\" \/>\n\t<meta name=\"twitter:label2\" content=\"Tiempo de lectura\" \/>\n\t<meta name=\"twitter:data2\" content=\"2 minutos\" \/>\n<script type=\"application\/ld+json\" class=\"yoast-schema-graph\">{\"@context\":\"https:\\\/\\\/schema.org\",\"@graph\":[{\"@type\":\"Article\",\"@id\":\"https:\\\/\\\/palmerodespachante.uy\\\/index.php\\\/2025\\\/01\\\/31\\\/nueva-terminal-de-courier-en-aeropuerto-de-carrasco\\\/#article\",\"isPartOf\":{\"@id\":\"https:\\\/\\\/palmerodespachante.uy\\\/index.php\\\/2025\\\/01\\\/31\\\/nueva-terminal-de-courier-en-aeropuerto-de-carrasco\\\/\"},\"author\":{\"name\":\"Javier Palmero\",\"@id\":\"https:\\\/\\\/palmerodespachante.uy\\\/#\\\/schema\\\/person\\\/9eabdcdc87fc74d275cc2faf2ce2f732\"},\"headline\":\"Nueva terminal de Courier en Aeropuerto de Carrasco\",\"datePublished\":\"2025-01-31T14:35:04+00:00\",\"dateModified\":\"2025-01-31T14:35:05+00:00\",\"mainEntityOfPage\":{\"@id\":\"https:\\\/\\\/palmerodespachante.uy\\\/index.php\\\/2025\\\/01\\\/31\\\/nueva-terminal-de-courier-en-aeropuerto-de-carrasco\\\/\"},\"wordCount\":257,\"commentCount\":0,\"publisher\":{\"@id\":\"https:\\\/\\\/palmerodespachante.uy\\\/#organization\"},\"image\":{\"@id\":\"https:\\\/\\\/palmerodespachante.uy\\\/index.php\\\/2025\\\/01\\\/31\\\/nueva-terminal-de-courier-en-aeropuerto-de-carrasco\\\/#primaryimage\"},\"thumbnailUrl\":\"https:\\\/\\\/palmerodespachante.uy\\\/wp-content\\\/uploads\\\/2025\\\/01\\\/Nueva-terminal.jpg\",\"articleSection\":[\"Noticias\"],\"inLanguage\":\"es\",\"potentialAction\":[{\"@type\":\"CommentAction\",\"name\":\"Comment\",\"target\":[\"https:\\\/\\\/palmerodespachante.uy\\\/index.php\\\/2025\\\/01\\\/31\\\/nueva-terminal-de-courier-en-aeropuerto-de-carrasco\\\/#respond\"]}]},{\"@type\":\"WebPage\",\"@id\":\"https:\\\/\\\/palmerodespachante.uy\\\/index.php\\\/2025\\\/01\\\/31\\\/nueva-terminal-de-courier-en-aeropuerto-de-carrasco\\\/\",\"url\":\"https:\\\/\\\/palmerodespachante.uy\\\/index.php\\\/2025\\\/01\\\/31\\\/nueva-terminal-de-courier-en-aeropuerto-de-carrasco\\\/\",\"name\":\"Nueva terminal de Courier en Aeropuerto de Carrasco - Palmero Despachante de Aduana\",\"isPartOf\":{\"@id\":\"https:\\\/\\\/palmerodespachante.uy\\\/#website\"},\"primaryImageOfPage\":{\"@id\":\"https:\\\/\\\/palmerodespachante.uy\\\/index.php\\\/2025\\\/01\\\/31\\\/nueva-terminal-de-courier-en-aeropuerto-de-carrasco\\\/#primaryimage\"},\"image\":{\"@id\":\"https:\\\/\\\/palmerodespachante.uy\\\/index.php\\\/2025\\\/01\\\/31\\\/nueva-terminal-de-courier-en-aeropuerto-de-carrasco\\\/#primaryimage\"},\"thumbnailUrl\":\"https:\\\/\\\/palmerodespachante.uy\\\/wp-content\\\/uploads\\\/2025\\\/01\\\/Nueva-terminal.jpg\",\"datePublished\":\"2025-01-31T14:35:04+00:00\",\"dateModified\":\"2025-01-31T14:35:05+00:00\",\"breadcrumb\":{\"@id\":\"https:\\\/\\\/palmerodespachante.uy\\\/index.php\\\/2025\\\/01\\\/31\\\/nueva-terminal-de-courier-en-aeropuerto-de-carrasco\\\/#breadcrumb\"},\"inLanguage\":\"es\",\"potentialAction\":[{\"@type\":\"ReadAction\",\"target\":[\"https:\\\/\\\/palmerodespachante.uy\\\/index.php\\\/2025\\\/01\\\/31\\\/nueva-terminal-de-courier-en-aeropuerto-de-carrasco\\\/\"]}]},{\"@type\":\"ImageObject\",\"inLanguage\":\"es\",\"@id\":\"https:\\\/\\\/palmerodespachante.uy\\\/index.php\\\/2025\\\/01\\\/31\\\/nueva-terminal-de-courier-en-aeropuerto-de-carrasco\\\/#primaryimage\",\"url\":\"https:\\\/\\\/palmerodespachante.uy\\\/wp-content\\\/uploads\\\/2025\\\/01\\\/Nueva-terminal.jpg\",\"contentUrl\":\"https:\\\/\\\/palmerodespachante.uy\\\/wp-content\\\/uploads\\\/2025\\\/01\\\/Nueva-terminal.jpg\",\"width\":768,\"height\":366},{\"@type\":\"BreadcrumbList\",\"@id\":\"https:\\\/\\\/palmerodespachante.uy\\\/index.php\\\/2025\\\/01\\\/31\\\/nueva-terminal-de-courier-en-aeropuerto-de-carrasco\\\/#breadcrumb\",\"itemListElement\":[{\"@type\":\"ListItem\",\"position\":1,\"name\":\"Portada\",\"item\":\"https:\\\/\\\/palmerodespachante.uy\\\/\"},{\"@type\":\"ListItem\",\"position\":2,\"name\":\"Nueva terminal de Courier en Aeropuerto de Carrasco\"}]},{\"@type\":\"WebSite\",\"@id\":\"https:\\\/\\\/palmerodespachante.uy\\\/#website\",\"url\":\"https:\\\/\\\/palmerodespachante.uy\\\/\",\"name\":\"Palmero Despachante de Aduana\",\"description\":\"Importaci\u00f3n, Exportaci\u00f3n, Tr\u00e1nsito\",\"publisher\":{\"@id\":\"https:\\\/\\\/palmerodespachante.uy\\\/#organization\"},\"potentialAction\":[{\"@type\":\"SearchAction\",\"target\":{\"@type\":\"EntryPoint\",\"urlTemplate\":\"https:\\\/\\\/palmerodespachante.uy\\\/?s={search_term_string}\"},\"query-input\":{\"@type\":\"PropertyValueSpecification\",\"valueRequired\":true,\"valueName\":\"search_term_string\"}}],\"inLanguage\":\"es\"},{\"@type\":\"Organization\",\"@id\":\"https:\\\/\\\/palmerodespachante.uy\\\/#organization\",\"name\":\"Palmero Despachante de Aduanas\",\"url\":\"https:\\\/\\\/palmerodespachante.uy\\\/\",\"logo\":{\"@type\":\"ImageObject\",\"inLanguage\":\"es\",\"@id\":\"https:\\\/\\\/palmerodespachante.uy\\\/#\\\/schema\\\/logo\\\/image\\\/\",\"url\":\"https:\\\/\\\/palmerodespachante.uy\\\/wp-content\\\/uploads\\\/2018\\\/08\\\/Logo-144.png\",\"contentUrl\":\"https:\\\/\\\/palmerodespachante.uy\\\/wp-content\\\/uploads\\\/2018\\\/08\\\/Logo-144.png\",\"width\":144,\"height\":144,\"caption\":\"Palmero Despachante de Aduanas\"},\"image\":{\"@id\":\"https:\\\/\\\/palmerodespachante.uy\\\/#\\\/schema\\\/logo\\\/image\\\/\"},\"sameAs\":[\"https:\\\/\\\/www.facebook.com\\\/despachantedeaduana.palmero?hc_ref=ARQPWzEmqFz3O_9qTlrxPP6NW-Vf1b4-iJdwH7XdkuWdfarefzfPyjY7DGBCye4mnJs\",\"https:\\\/\\\/www.linkedin.com\\\/company\\\/despachante-de-aduana-palmero\\\/\"]},{\"@type\":\"Person\",\"@id\":\"https:\\\/\\\/palmerodespachante.uy\\\/#\\\/schema\\\/person\\\/9eabdcdc87fc74d275cc2faf2ce2f732\",\"name\":\"Javier Palmero\",\"image\":{\"@type\":\"ImageObject\",\"inLanguage\":\"es\",\"@id\":\"https:\\\/\\\/palmerodespachante.uy\\\/wp-content\\\/litespeed\\\/avatar\\\/8e783966089c8fa82b27a6627fb956c2.jpg?ver=1777463218\",\"url\":\"https:\\\/\\\/palmerodespachante.uy\\\/wp-content\\\/litespeed\\\/avatar\\\/8e783966089c8fa82b27a6627fb956c2.jpg?ver=1777463218\",\"contentUrl\":\"https:\\\/\\\/palmerodespachante.uy\\\/wp-content\\\/litespeed\\\/avatar\\\/8e783966089c8fa82b27a6627fb956c2.jpg?ver=1777463218\",\"caption\":\"Javier Palmero\"}}]}<\/script>\n<!-- \/ Yoast SEO plugin. -->","yoast_head_json":{"title":"Nueva terminal de Courier en Aeropuerto de Carrasco - Palmero Despachante de Aduana","robots":{"index":"noindex","follow":"follow"},"og_locale":"es_ES","og_type":"article","og_title":"Nueva terminal de Courier en Aeropuerto de Carrasco - Palmero Despachante de Aduana","og_description":"El crecimiento del e-commerce en Uruguay impulsa nuevas inversiones. Latin American Cargo City (LACC) anunci\u00f3 la construcci\u00f3n de una terminal para couriers en el Aeropuerto Internacional de Carrasco. La obra comenzar\u00e1 en febrero y se espera su inauguraci\u00f3n en el segundo semestre de 2026. Este proyecto demandar\u00e1 m\u00e1s de 10 millones de d\u00f3lares e incluir\u00e1 [&hellip;]","og_url":"https:\/\/palmerodespachante.uy\/index.php\/2025\/01\/31\/nueva-terminal-de-courier-en-aeropuerto-de-carrasco\/","og_site_name":"Palmero Despachante de Aduana","article_publisher":"https:\/\/www.facebook.com\/despachantedeaduana.palmero?hc_ref=ARQPWzEmqFz3O_9qTlrxPP6NW-Vf1b4-iJdwH7XdkuWdfarefzfPyjY7DGBCye4mnJs","article_published_time":"2025-01-31T14:35:04+00:00","article_modified_time":"2025-01-31T14:35:05+00:00","og_image":[{"width":768,"height":366,"url":"http:\/\/palmerodespachante.uy\/wp-content\/uploads\/2025\/01\/Nueva-terminal.jpg","type":"image\/jpeg"}],"author":"Javier Palmero","twitter_card":"summary_large_image","twitter_misc":{"Escrito por":"Javier Palmero","Tiempo de lectura":"2 minutos"},"schema":{"@context":"https:\/\/schema.org","@graph":[{"@type":"Article","@id":"https:\/\/palmerodespachante.uy\/index.php\/2025\/01\/31\/nueva-terminal-de-courier-en-aeropuerto-de-carrasco\/#article","isPartOf":{"@id":"https:\/\/palmerodespachante.uy\/index.php\/2025\/01\/31\/nueva-terminal-de-courier-en-aeropuerto-de-carrasco\/"},"author":{"name":"Javier Palmero","@id":"https:\/\/palmerodespachante.uy\/#\/schema\/person\/9eabdcdc87fc74d275cc2faf2ce2f732"},"headline":"Nueva terminal de Courier en Aeropuerto de Carrasco","datePublished":"2025-01-31T14:35:04+00:00","dateModified":"2025-01-31T14:35:05+00:00","mainEntityOfPage":{"@id":"https:\/\/palmerodespachante.uy\/index.php\/2025\/01\/31\/nueva-terminal-de-courier-en-aeropuerto-de-carrasco\/"},"wordCount":257,"commentCount":0,"publisher":{"@id":"https:\/\/palmerodespachante.uy\/#organization"},"image":{"@id":"https:\/\/palmerodespachante.uy\/index.php\/2025\/01\/31\/nueva-terminal-de-courier-en-aeropuerto-de-carrasco\/#primaryimage"},"thumbnailUrl":"https:\/\/palmerodespachante.uy\/wp-content\/uploads\/2025\/01\/Nueva-terminal.jpg","articleSection":["Noticias"],"inLanguage":"es","potentialAction":[{"@type":"CommentAction","name":"Comment","target":["https:\/\/palmerodespachante.uy\/index.php\/2025\/01\/31\/nueva-terminal-de-courier-en-aeropuerto-de-carrasco\/#respond"]}]},{"@type":"WebPage","@id":"https:\/\/palmerodespachante.uy\/index.php\/2025\/01\/31\/nueva-terminal-de-courier-en-aeropuerto-de-carrasco\/","url":"https:\/\/palmerodespachante.uy\/index.php\/2025\/01\/31\/nueva-terminal-de-courier-en-aeropuerto-de-carrasco\/","name":"Nueva terminal de Courier en Aeropuerto de Carrasco - Palmero Despachante de Aduana","isPartOf":{"@id":"https:\/\/palmerodespachante.uy\/#website"},"primaryImageOfPage":{"@id":"https:\/\/palmerodespachante.uy\/index.php\/2025\/01\/31\/nueva-terminal-de-courier-en-aeropuerto-de-carrasco\/#primaryimage"},"image":{"@id":"https:\/\/palmerodespachante.uy\/index.php\/2025\/01\/31\/nueva-terminal-de-courier-en-aeropuerto-de-carrasco\/#primaryimage"},"thumbnailUrl":"https:\/\/palmerodespachante.uy\/wp-content\/uploads\/2025\/01\/Nueva-terminal.jpg","datePublished":"2025-01-31T14:35:04+00:00","dateModified":"2025-01-31T14:35:05+00:00","breadcrumb":{"@id":"https:\/\/palmerodespachante.uy\/index.php\/2025\/01\/31\/nueva-terminal-de-courier-en-aeropuerto-de-carrasco\/#breadcrumb"},"inLanguage":"es","potentialAction":[{"@type":"ReadAction","target":["https:\/\/palmerodespachante.uy\/index.php\/2025\/01\/31\/nueva-terminal-de-courier-en-aeropuerto-de-carrasco\/"]}]},{"@type":"ImageObject","inLanguage":"es","@id":"https:\/\/palmerodespachante.uy\/index.php\/2025\/01\/31\/nueva-terminal-de-courier-en-aeropuerto-de-carrasco\/#primaryimage","url":"https:\/\/palmerodespachante.uy\/wp-content\/uploads\/2025\/01\/Nueva-terminal.jpg","contentUrl":"https:\/\/palmerodespachante.uy\/wp-content\/uploads\/2025\/01\/Nueva-terminal.jpg","width":768,"height":366},{"@type":"BreadcrumbList","@id":"https:\/\/palmerodespachante.uy\/index.php\/2025\/01\/31\/nueva-terminal-de-courier-en-aeropuerto-de-carrasco\/#breadcrumb","itemListElement":[{"@type":"ListItem","position":1,"name":"Portada","item":"https:\/\/palmerodespachante.uy\/"},{"@type":"ListItem","position":2,"name":"Nueva terminal de Courier en Aeropuerto de Carrasco"}]},{"@type":"WebSite","@id":"https:\/\/palmerodespachante.uy\/#website","url":"https:\/\/palmerodespachante.uy\/","name":"Palmero Despachante de Aduana","description":"Importaci\u00f3n, Exportaci\u00f3n, Tr\u00e1nsito","publisher":{"@id":"https:\/\/palmerodespachante.uy\/#organization"},"potentialAction":[{"@type":"SearchAction","target":{"@type":"EntryPoint","urlTemplate":"https:\/\/palmerodespachante.uy\/?s={search_term_string}"},"query-input":{"@type":"PropertyValueSpecification","valueRequired":true,"valueName":"search_term_string"}}],"inLanguage":"es"},{"@type":"Organization","@id":"https:\/\/palmerodespachante.uy\/#organization","name":"Palmero Despachante de Aduanas","url":"https:\/\/palmerodespachante.uy\/","logo":{"@type":"ImageObject","inLanguage":"es","@id":"https:\/\/palmerodespachante.uy\/#\/schema\/logo\/image\/","url":"https:\/\/palmerodespachante.uy\/wp-content\/uploads\/2018\/08\/Logo-144.png","contentUrl":"https:\/\/palmerodespachante.uy\/wp-content\/uploads\/2018\/08\/Logo-144.png","width":144,"height":144,"caption":"Palmero Despachante de Aduanas"},"image":{"@id":"https:\/\/palmerodespachante.uy\/#\/schema\/logo\/image\/"},"sameAs":["https:\/\/www.facebook.com\/despachantedeaduana.palmero?hc_ref=ARQPWzEmqFz3O_9qTlrxPP6NW-Vf1b4-iJdwH7XdkuWdfarefzfPyjY7DGBCye4mnJs","https:\/\/www.linkedin.com\/company\/despachante-de-aduana-palmero\/"]},{"@type":"Person","@id":"https:\/\/palmerodespachante.uy\/#\/schema\/person\/9eabdcdc87fc74d275cc2faf2ce2f732","name":"Javier Palmero","image":{"@type":"ImageObject","inLanguage":"es","@id":"https:\/\/palmerodespachante.uy\/wp-content\/litespeed\/avatar\/8e783966089c8fa82b27a6627fb956c2.jpg?ver=1777463218","url":"https:\/\/palmerodespachante.uy\/wp-content\/litespeed\/avatar\/8e783966089c8fa82b27a6627fb956c2.jpg?ver=1777463218","contentUrl":"https:\/\/palmerodespachante.uy\/wp-content\/litespeed\/avatar\/8e783966089c8fa82b27a6627fb956c2.jpg?ver=1777463218","caption":"Javier Palmero"}}]}},"jetpack_featured_media_url":"https:\/\/palmerodespachante.uy\/wp-content\/uploads\/2025\/01\/Nueva-terminal.jpg","_links":{"self":[{"href":"https:\/\/palmerodespachante.uy\/index.php\/wp-json\/wp\/v2\/posts\/1361","targetHints":{"allow":["GET"]}}],"collection":[{"href":"https:\/\/palmerodespachante.uy\/index.php\/wp-json\/wp\/v2\/posts"}],"about":[{"href":"https:\/\/palmerodespachante.uy\/index.php\/wp-json\/wp\/v2\/types\/post"}],"author":[{"embeddable":true,"href":"https:\/\/palmerodespachante.uy\/index.php\/wp-json\/wp\/v2\/users\/3"}],"replies":[{"embeddable":true,"href":"https:\/\/palmerodespachante.uy\/index.php\/wp-json\/wp\/v2\/comments?post=1361"}],"version-history":[{"count":1,"href":"https:\/\/palmerodespachante.uy\/index.php\/wp-json\/wp\/v2\/posts\/1361\/revisions"}],"predecessor-version":[{"id":1363,"href":"https:\/\/palmerodespachante.uy\/index.php\/wp-json\/wp\/v2\/posts\/1361\/revisions\/1363"}],"wp:featuredmedia":[{"embeddable":true,"href":"https:\/\/palmerodespachante.uy\/index.php\/wp-json\/wp\/v2\/media\/1362"}],"wp:attachment":[{"href":"https:\/\/palmerodespachante.uy\/index.php\/wp-json\/wp\/v2\/media?parent=1361"}],"wp:term":[{"taxonomy":"category","embeddable":true,"href":"https:\/\/palmerodespachante.uy\/index.php\/wp-json\/wp\/v2\/categories?post=1361"},{"taxonomy":"post_tag","embeddable":true,"href":"https:\/\/palmerodespachante.uy\/index.php\/wp-json\/wp\/v2\/tags?post=1361"}],"curies":[{"name":"wp","href":"https:\/\/api.w.org\/{rel}","templated":true}]}}