{"id":1356,"date":"2025-01-22T16:09:24","date_gmt":"2025-01-22T19:09:24","guid":{"rendered":"https:\/\/palmerodespachante.uy\/?p=1356"},"modified":"2025-01-22T16:09:25","modified_gmt":"2025-01-22T19:09:25","slug":"gobierno-electo-expectante-ante-la-decision-de-milei-de-tras-busqueda-de-negociacion-con-un-tlc-bilateral-con-estados-unidos","status":"publish","type":"post","link":"https:\/\/palmerodespachante.uy\/index.php\/2025\/01\/22\/gobierno-electo-expectante-ante-la-decision-de-milei-de-tras-busqueda-de-negociacion-con-un-tlc-bilateral-con-estados-unidos\/","title":{"rendered":"GOBIERNO ELECTO EXPECTANTE ANTE LA DECISI\u00d3N DE MILEI DE TRAS BUSQUEDA DE NEGOCIACION CON UN TLC BILATERAL CON ESTADOS UNIDOS"},"content":{"rendered":"\n<p><strong>GOBIERNO ELECTO EXPECTANTE ANTE LA DECISI\u00d3N DE MILEI DE BUSCAR NEGOCIAR UN TLC BILATERAL CON ESTADOS UNIDOS.<\/strong> El gobierno electo de Yamand\u00fa Orsi se mostr\u00f3 expectante aunque dispuesto a analizar en forma detenida el planteo del presidente de Argentina, Javier Milei, de buscar este mismo a\u00f1o un tratado de libre comercio con los Estados Unidos. Milei fue claro en se\u00f1alar que su gobierno pretende incrementar su alianza econ\u00f3mica con Washington, aunque eso implique minimizar o, incluso, limitar su participaci\u00f3n en el Mercosur. (El Pa\u00eds)<\/p>\n","protected":false},"excerpt":{"rendered":"<p>GOBIERNO ELECTO EXPECTANTE ANTE LA DECISI\u00d3N DE MILEI DE BUSCAR NEGOCIAR UN TLC BILATERAL CON ESTADOS UNIDOS. El gobierno electo de Yamand\u00fa Orsi se mostr\u00f3 expectante aunque dispuesto a analizar en forma detenida el planteo del presidente de Argentina, Javier Milei, de buscar este mismo a\u00f1o un tratado de libre comercio con los Estados Unidos. [&hellip;]<\/p>\n","protected":false},"author":3,"featured_media":1357,"comment_status":"open","ping_status":"open","sticky":false,"template":"","format":"standard","meta":{"_joinchat":[],"footnotes":""},"categories":[37],"tags":[],"class_list":{"0":"post-1356","1":"post","2":"type-post","3":"status-publish","4":"format-standard","5":"has-post-thumbnail","7":"category-noticias"},"yoast_head":"<!-- This site is optimized with the Yoast SEO plugin v27.5 - https:\/\/yoast.com\/product\/yoast-seo-wordpress\/ -->\n<title>GOBIERNO ELECTO EXPECTANTE ANTE LA DECISI\u00d3N DE MILEI DE TRAS BUSQUEDA DE NEGOCIACION CON UN TLC BILATERAL CON ESTADOS UNIDOS - Palmero Despachante de Aduana<\/title>\n<meta name=\"robots\" content=\"noindex, follow\" \/>\n<meta property=\"og:locale\" content=\"es_ES\" \/>\n<meta property=\"og:type\" content=\"article\" \/>\n<meta property=\"og:title\" content=\"GOBIERNO ELECTO EXPECTANTE ANTE LA DECISI\u00d3N DE MILEI DE TRAS BUSQUEDA DE NEGOCIACION CON UN TLC BILATERAL CON ESTADOS UNIDOS - Palmero Despachante de Aduana\" \/>\n<meta property=\"og:description\" content=\"GOBIERNO ELECTO EXPECTANTE ANTE LA DECISI\u00d3N DE MILEI DE BUSCAR NEGOCIAR UN TLC BILATERAL CON ESTADOS UNIDOS. El gobierno electo de Yamand\u00fa Orsi se mostr\u00f3 expectante aunque dispuesto a analizar en forma detenida el planteo del presidente de Argentina, Javier Milei, de buscar este mismo a\u00f1o un tratado de libre comercio con los Estados Unidos. [&hellip;]\" \/>\n<meta property=\"og:url\" content=\"https:\/\/palmerodespachante.uy\/index.php\/2025\/01\/22\/gobierno-electo-expectante-ante-la-decision-de-milei-de-tras-busqueda-de-negociacion-con-un-tlc-bilateral-con-estados-unidos\/\" \/>\n<meta property=\"og:site_name\" content=\"Palmero Despachante de Aduana\" \/>\n<meta property=\"article:publisher\" content=\"https:\/\/www.facebook.com\/despachantedeaduana.palmero?hc_ref=ARQPWzEmqFz3O_9qTlrxPP6NW-Vf1b4-iJdwH7XdkuWdfarefzfPyjY7DGBCye4mnJs\" \/>\n<meta property=\"article:published_time\" content=\"2025-01-22T19:09:24+00:00\" \/>\n<meta property=\"article:modified_time\" content=\"2025-01-22T19:09:25+00:00\" \/>\n<meta property=\"og:image\" content=\"http:\/\/palmerodespachante.uy\/wp-content\/uploads\/2025\/01\/Milei.jpg\" \/>\n\t<meta property=\"og:image:width\" content=\"1440\" \/>\n\t<meta property=\"og:image:height\" content=\"990\" \/>\n\t<meta property=\"og:image:type\" content=\"image\/jpeg\" \/>\n<meta name=\"author\" content=\"Javier Palmero\" \/>\n<meta name=\"twitter:card\" content=\"summary_large_image\" \/>\n<meta name=\"twitter:label1\" content=\"Escrito por\" \/>\n\t<meta name=\"twitter:data1\" content=\"Javier Palmero\" \/>\n\t<meta name=\"twitter:label2\" content=\"Tiempo de lectura\" \/>\n\t<meta name=\"twitter:data2\" content=\"1 minuto\" \/>\n<script type=\"application\/ld+json\" class=\"yoast-schema-graph\">{\"@context\":\"https:\\\/\\\/schema.org\",\"@graph\":[{\"@type\":\"Article\",\"@id\":\"https:\\\/\\\/palmerodespachante.uy\\\/index.php\\\/2025\\\/01\\\/22\\\/gobierno-electo-expectante-ante-la-decision-de-milei-de-tras-busqueda-de-negociacion-con-un-tlc-bilateral-con-estados-unidos\\\/#article\",\"isPartOf\":{\"@id\":\"https:\\\/\\\/palmerodespachante.uy\\\/index.php\\\/2025\\\/01\\\/22\\\/gobierno-electo-expectante-ante-la-decision-de-milei-de-tras-busqueda-de-negociacion-con-un-tlc-bilateral-con-estados-unidos\\\/\"},\"author\":{\"name\":\"Javier Palmero\",\"@id\":\"https:\\\/\\\/palmerodespachante.uy\\\/#\\\/schema\\\/person\\\/9eabdcdc87fc74d275cc2faf2ce2f732\"},\"headline\":\"GOBIERNO ELECTO EXPECTANTE ANTE LA DECISI\u00d3N DE MILEI DE TRAS BUSQUEDA DE NEGOCIACION CON UN TLC BILATERAL CON ESTADOS UNIDOS\",\"datePublished\":\"2025-01-22T19:09:24+00:00\",\"dateModified\":\"2025-01-22T19:09:25+00:00\",\"mainEntityOfPage\":{\"@id\":\"https:\\\/\\\/palmerodespachante.uy\\\/index.php\\\/2025\\\/01\\\/22\\\/gobierno-electo-expectante-ante-la-decision-de-milei-de-tras-busqueda-de-negociacion-con-un-tlc-bilateral-con-estados-unidos\\\/\"},\"wordCount\":111,\"commentCount\":0,\"publisher\":{\"@id\":\"https:\\\/\\\/palmerodespachante.uy\\\/#organization\"},\"image\":{\"@id\":\"https:\\\/\\\/palmerodespachante.uy\\\/index.php\\\/2025\\\/01\\\/22\\\/gobierno-electo-expectante-ante-la-decision-de-milei-de-tras-busqueda-de-negociacion-con-un-tlc-bilateral-con-estados-unidos\\\/#primaryimage\"},\"thumbnailUrl\":\"https:\\\/\\\/palmerodespachante.uy\\\/wp-content\\\/uploads\\\/2025\\\/01\\\/Milei.jpg\",\"articleSection\":[\"Noticias\"],\"inLanguage\":\"es\",\"potentialAction\":[{\"@type\":\"CommentAction\",\"name\":\"Comment\",\"target\":[\"https:\\\/\\\/palmerodespachante.uy\\\/index.php\\\/2025\\\/01\\\/22\\\/gobierno-electo-expectante-ante-la-decision-de-milei-de-tras-busqueda-de-negociacion-con-un-tlc-bilateral-con-estados-unidos\\\/#respond\"]}]},{\"@type\":\"WebPage\",\"@id\":\"https:\\\/\\\/palmerodespachante.uy\\\/index.php\\\/2025\\\/01\\\/22\\\/gobierno-electo-expectante-ante-la-decision-de-milei-de-tras-busqueda-de-negociacion-con-un-tlc-bilateral-con-estados-unidos\\\/\",\"url\":\"https:\\\/\\\/palmerodespachante.uy\\\/index.php\\\/2025\\\/01\\\/22\\\/gobierno-electo-expectante-ante-la-decision-de-milei-de-tras-busqueda-de-negociacion-con-un-tlc-bilateral-con-estados-unidos\\\/\",\"name\":\"GOBIERNO ELECTO EXPECTANTE ANTE LA DECISI\u00d3N DE MILEI DE TRAS BUSQUEDA DE NEGOCIACION CON UN TLC BILATERAL CON ESTADOS UNIDOS - Palmero Despachante de Aduana\",\"isPartOf\":{\"@id\":\"https:\\\/\\\/palmerodespachante.uy\\\/#website\"},\"primaryImageOfPage\":{\"@id\":\"https:\\\/\\\/palmerodespachante.uy\\\/index.php\\\/2025\\\/01\\\/22\\\/gobierno-electo-expectante-ante-la-decision-de-milei-de-tras-busqueda-de-negociacion-con-un-tlc-bilateral-con-estados-unidos\\\/#primaryimage\"},\"image\":{\"@id\":\"https:\\\/\\\/palmerodespachante.uy\\\/index.php\\\/2025\\\/01\\\/22\\\/gobierno-electo-expectante-ante-la-decision-de-milei-de-tras-busqueda-de-negociacion-con-un-tlc-bilateral-con-estados-unidos\\\/#primaryimage\"},\"thumbnailUrl\":\"https:\\\/\\\/palmerodespachante.uy\\\/wp-content\\\/uploads\\\/2025\\\/01\\\/Milei.jpg\",\"datePublished\":\"2025-01-22T19:09:24+00:00\",\"dateModified\":\"2025-01-22T19:09:25+00:00\",\"breadcrumb\":{\"@id\":\"https:\\\/\\\/palmerodespachante.uy\\\/index.php\\\/2025\\\/01\\\/22\\\/gobierno-electo-expectante-ante-la-decision-de-milei-de-tras-busqueda-de-negociacion-con-un-tlc-bilateral-con-estados-unidos\\\/#breadcrumb\"},\"inLanguage\":\"es\",\"potentialAction\":[{\"@type\":\"ReadAction\",\"target\":[\"https:\\\/\\\/palmerodespachante.uy\\\/index.php\\\/2025\\\/01\\\/22\\\/gobierno-electo-expectante-ante-la-decision-de-milei-de-tras-busqueda-de-negociacion-con-un-tlc-bilateral-con-estados-unidos\\\/\"]}]},{\"@type\":\"ImageObject\",\"inLanguage\":\"es\",\"@id\":\"https:\\\/\\\/palmerodespachante.uy\\\/index.php\\\/2025\\\/01\\\/22\\\/gobierno-electo-expectante-ante-la-decision-de-milei-de-tras-busqueda-de-negociacion-con-un-tlc-bilateral-con-estados-unidos\\\/#primaryimage\",\"url\":\"https:\\\/\\\/palmerodespachante.uy\\\/wp-content\\\/uploads\\\/2025\\\/01\\\/Milei.jpg\",\"contentUrl\":\"https:\\\/\\\/palmerodespachante.uy\\\/wp-content\\\/uploads\\\/2025\\\/01\\\/Milei.jpg\",\"width\":1440,\"height\":990},{\"@type\":\"BreadcrumbList\",\"@id\":\"https:\\\/\\\/palmerodespachante.uy\\\/index.php\\\/2025\\\/01\\\/22\\\/gobierno-electo-expectante-ante-la-decision-de-milei-de-tras-busqueda-de-negociacion-con-un-tlc-bilateral-con-estados-unidos\\\/#breadcrumb\",\"itemListElement\":[{\"@type\":\"ListItem\",\"position\":1,\"name\":\"Portada\",\"item\":\"https:\\\/\\\/palmerodespachante.uy\\\/\"},{\"@type\":\"ListItem\",\"position\":2,\"name\":\"GOBIERNO ELECTO EXPECTANTE ANTE LA DECISI\u00d3N DE MILEI DE TRAS BUSQUEDA DE NEGOCIACION CON UN TLC BILATERAL CON ESTADOS UNIDOS\"}]},{\"@type\":\"WebSite\",\"@id\":\"https:\\\/\\\/palmerodespachante.uy\\\/#website\",\"url\":\"https:\\\/\\\/palmerodespachante.uy\\\/\",\"name\":\"Palmero Despachante de Aduana\",\"description\":\"Importaci\u00f3n, Exportaci\u00f3n, Tr\u00e1nsito\",\"publisher\":{\"@id\":\"https:\\\/\\\/palmerodespachante.uy\\\/#organization\"},\"potentialAction\":[{\"@type\":\"SearchAction\",\"target\":{\"@type\":\"EntryPoint\",\"urlTemplate\":\"https:\\\/\\\/palmerodespachante.uy\\\/?s={search_term_string}\"},\"query-input\":{\"@type\":\"PropertyValueSpecification\",\"valueRequired\":true,\"valueName\":\"search_term_string\"}}],\"inLanguage\":\"es\"},{\"@type\":\"Organization\",\"@id\":\"https:\\\/\\\/palmerodespachante.uy\\\/#organization\",\"name\":\"Palmero Despachante de Aduanas\",\"url\":\"https:\\\/\\\/palmerodespachante.uy\\\/\",\"logo\":{\"@type\":\"ImageObject\",\"inLanguage\":\"es\",\"@id\":\"https:\\\/\\\/palmerodespachante.uy\\\/#\\\/schema\\\/logo\\\/image\\\/\",\"url\":\"https:\\\/\\\/palmerodespachante.uy\\\/wp-content\\\/uploads\\\/2018\\\/08\\\/Logo-144.png\",\"contentUrl\":\"https:\\\/\\\/palmerodespachante.uy\\\/wp-content\\\/uploads\\\/2018\\\/08\\\/Logo-144.png\",\"width\":144,\"height\":144,\"caption\":\"Palmero Despachante de Aduanas\"},\"image\":{\"@id\":\"https:\\\/\\\/palmerodespachante.uy\\\/#\\\/schema\\\/logo\\\/image\\\/\"},\"sameAs\":[\"https:\\\/\\\/www.facebook.com\\\/despachantedeaduana.palmero?hc_ref=ARQPWzEmqFz3O_9qTlrxPP6NW-Vf1b4-iJdwH7XdkuWdfarefzfPyjY7DGBCye4mnJs\",\"https:\\\/\\\/www.linkedin.com\\\/company\\\/despachante-de-aduana-palmero\\\/\"]},{\"@type\":\"Person\",\"@id\":\"https:\\\/\\\/palmerodespachante.uy\\\/#\\\/schema\\\/person\\\/9eabdcdc87fc74d275cc2faf2ce2f732\",\"name\":\"Javier Palmero\",\"image\":{\"@type\":\"ImageObject\",\"inLanguage\":\"es\",\"@id\":\"https:\\\/\\\/palmerodespachante.uy\\\/wp-content\\\/litespeed\\\/avatar\\\/8e783966089c8fa82b27a6627fb956c2.jpg?ver=1777463218\",\"url\":\"https:\\\/\\\/palmerodespachante.uy\\\/wp-content\\\/litespeed\\\/avatar\\\/8e783966089c8fa82b27a6627fb956c2.jpg?ver=1777463218\",\"contentUrl\":\"https:\\\/\\\/palmerodespachante.uy\\\/wp-content\\\/litespeed\\\/avatar\\\/8e783966089c8fa82b27a6627fb956c2.jpg?ver=1777463218\",\"caption\":\"Javier Palmero\"}}]}<\/script>\n<!-- \/ Yoast SEO plugin. -->","yoast_head_json":{"title":"GOBIERNO ELECTO EXPECTANTE ANTE LA DECISI\u00d3N DE MILEI DE TRAS BUSQUEDA DE NEGOCIACION CON UN TLC BILATERAL CON ESTADOS UNIDOS - Palmero Despachante de Aduana","robots":{"index":"noindex","follow":"follow"},"og_locale":"es_ES","og_type":"article","og_title":"GOBIERNO ELECTO EXPECTANTE ANTE LA DECISI\u00d3N DE MILEI DE TRAS BUSQUEDA DE NEGOCIACION CON UN TLC BILATERAL CON ESTADOS UNIDOS - Palmero Despachante de Aduana","og_description":"GOBIERNO ELECTO EXPECTANTE ANTE LA DECISI\u00d3N DE MILEI DE BUSCAR NEGOCIAR UN TLC BILATERAL CON ESTADOS UNIDOS. El gobierno electo de Yamand\u00fa Orsi se mostr\u00f3 expectante aunque dispuesto a analizar en forma detenida el planteo del presidente de Argentina, Javier Milei, de buscar este mismo a\u00f1o un tratado de libre comercio con los Estados Unidos. [&hellip;]","og_url":"https:\/\/palmerodespachante.uy\/index.php\/2025\/01\/22\/gobierno-electo-expectante-ante-la-decision-de-milei-de-tras-busqueda-de-negociacion-con-un-tlc-bilateral-con-estados-unidos\/","og_site_name":"Palmero Despachante de Aduana","article_publisher":"https:\/\/www.facebook.com\/despachantedeaduana.palmero?hc_ref=ARQPWzEmqFz3O_9qTlrxPP6NW-Vf1b4-iJdwH7XdkuWdfarefzfPyjY7DGBCye4mnJs","article_published_time":"2025-01-22T19:09:24+00:00","article_modified_time":"2025-01-22T19:09:25+00:00","og_image":[{"width":1440,"height":990,"url":"http:\/\/palmerodespachante.uy\/wp-content\/uploads\/2025\/01\/Milei.jpg","type":"image\/jpeg"}],"author":"Javier Palmero","twitter_card":"summary_large_image","twitter_misc":{"Escrito por":"Javier Palmero","Tiempo de lectura":"1 minuto"},"schema":{"@context":"https:\/\/schema.org","@graph":[{"@type":"Article","@id":"https:\/\/palmerodespachante.uy\/index.php\/2025\/01\/22\/gobierno-electo-expectante-ante-la-decision-de-milei-de-tras-busqueda-de-negociacion-con-un-tlc-bilateral-con-estados-unidos\/#article","isPartOf":{"@id":"https:\/\/palmerodespachante.uy\/index.php\/2025\/01\/22\/gobierno-electo-expectante-ante-la-decision-de-milei-de-tras-busqueda-de-negociacion-con-un-tlc-bilateral-con-estados-unidos\/"},"author":{"name":"Javier Palmero","@id":"https:\/\/palmerodespachante.uy\/#\/schema\/person\/9eabdcdc87fc74d275cc2faf2ce2f732"},"headline":"GOBIERNO ELECTO EXPECTANTE ANTE LA DECISI\u00d3N DE MILEI DE TRAS BUSQUEDA DE NEGOCIACION CON UN TLC BILATERAL CON ESTADOS UNIDOS","datePublished":"2025-01-22T19:09:24+00:00","dateModified":"2025-01-22T19:09:25+00:00","mainEntityOfPage":{"@id":"https:\/\/palmerodespachante.uy\/index.php\/2025\/01\/22\/gobierno-electo-expectante-ante-la-decision-de-milei-de-tras-busqueda-de-negociacion-con-un-tlc-bilateral-con-estados-unidos\/"},"wordCount":111,"commentCount":0,"publisher":{"@id":"https:\/\/palmerodespachante.uy\/#organization"},"image":{"@id":"https:\/\/palmerodespachante.uy\/index.php\/2025\/01\/22\/gobierno-electo-expectante-ante-la-decision-de-milei-de-tras-busqueda-de-negociacion-con-un-tlc-bilateral-con-estados-unidos\/#primaryimage"},"thumbnailUrl":"https:\/\/palmerodespachante.uy\/wp-content\/uploads\/2025\/01\/Milei.jpg","articleSection":["Noticias"],"inLanguage":"es","potentialAction":[{"@type":"CommentAction","name":"Comment","target":["https:\/\/palmerodespachante.uy\/index.php\/2025\/01\/22\/gobierno-electo-expectante-ante-la-decision-de-milei-de-tras-busqueda-de-negociacion-con-un-tlc-bilateral-con-estados-unidos\/#respond"]}]},{"@type":"WebPage","@id":"https:\/\/palmerodespachante.uy\/index.php\/2025\/01\/22\/gobierno-electo-expectante-ante-la-decision-de-milei-de-tras-busqueda-de-negociacion-con-un-tlc-bilateral-con-estados-unidos\/","url":"https:\/\/palmerodespachante.uy\/index.php\/2025\/01\/22\/gobierno-electo-expectante-ante-la-decision-de-milei-de-tras-busqueda-de-negociacion-con-un-tlc-bilateral-con-estados-unidos\/","name":"GOBIERNO ELECTO EXPECTANTE ANTE LA DECISI\u00d3N DE MILEI DE TRAS BUSQUEDA DE NEGOCIACION CON UN TLC BILATERAL CON ESTADOS UNIDOS - Palmero Despachante de Aduana","isPartOf":{"@id":"https:\/\/palmerodespachante.uy\/#website"},"primaryImageOfPage":{"@id":"https:\/\/palmerodespachante.uy\/index.php\/2025\/01\/22\/gobierno-electo-expectante-ante-la-decision-de-milei-de-tras-busqueda-de-negociacion-con-un-tlc-bilateral-con-estados-unidos\/#primaryimage"},"image":{"@id":"https:\/\/palmerodespachante.uy\/index.php\/2025\/01\/22\/gobierno-electo-expectante-ante-la-decision-de-milei-de-tras-busqueda-de-negociacion-con-un-tlc-bilateral-con-estados-unidos\/#primaryimage"},"thumbnailUrl":"https:\/\/palmerodespachante.uy\/wp-content\/uploads\/2025\/01\/Milei.jpg","datePublished":"2025-01-22T19:09:24+00:00","dateModified":"2025-01-22T19:09:25+00:00","breadcrumb":{"@id":"https:\/\/palmerodespachante.uy\/index.php\/2025\/01\/22\/gobierno-electo-expectante-ante-la-decision-de-milei-de-tras-busqueda-de-negociacion-con-un-tlc-bilateral-con-estados-unidos\/#breadcrumb"},"inLanguage":"es","potentialAction":[{"@type":"ReadAction","target":["https:\/\/palmerodespachante.uy\/index.php\/2025\/01\/22\/gobierno-electo-expectante-ante-la-decision-de-milei-de-tras-busqueda-de-negociacion-con-un-tlc-bilateral-con-estados-unidos\/"]}]},{"@type":"ImageObject","inLanguage":"es","@id":"https:\/\/palmerodespachante.uy\/index.php\/2025\/01\/22\/gobierno-electo-expectante-ante-la-decision-de-milei-de-tras-busqueda-de-negociacion-con-un-tlc-bilateral-con-estados-unidos\/#primaryimage","url":"https:\/\/palmerodespachante.uy\/wp-content\/uploads\/2025\/01\/Milei.jpg","contentUrl":"https:\/\/palmerodespachante.uy\/wp-content\/uploads\/2025\/01\/Milei.jpg","width":1440,"height":990},{"@type":"BreadcrumbList","@id":"https:\/\/palmerodespachante.uy\/index.php\/2025\/01\/22\/gobierno-electo-expectante-ante-la-decision-de-milei-de-tras-busqueda-de-negociacion-con-un-tlc-bilateral-con-estados-unidos\/#breadcrumb","itemListElement":[{"@type":"ListItem","position":1,"name":"Portada","item":"https:\/\/palmerodespachante.uy\/"},{"@type":"ListItem","position":2,"name":"GOBIERNO ELECTO EXPECTANTE ANTE LA DECISI\u00d3N DE MILEI DE TRAS BUSQUEDA DE NEGOCIACION CON UN TLC BILATERAL CON ESTADOS UNIDOS"}]},{"@type":"WebSite","@id":"https:\/\/palmerodespachante.uy\/#website","url":"https:\/\/palmerodespachante.uy\/","name":"Palmero Despachante de Aduana","description":"Importaci\u00f3n, Exportaci\u00f3n, Tr\u00e1nsito","publisher":{"@id":"https:\/\/palmerodespachante.uy\/#organization"},"potentialAction":[{"@type":"SearchAction","target":{"@type":"EntryPoint","urlTemplate":"https:\/\/palmerodespachante.uy\/?s={search_term_string}"},"query-input":{"@type":"PropertyValueSpecification","valueRequired":true,"valueName":"search_term_string"}}],"inLanguage":"es"},{"@type":"Organization","@id":"https:\/\/palmerodespachante.uy\/#organization","name":"Palmero Despachante de Aduanas","url":"https:\/\/palmerodespachante.uy\/","logo":{"@type":"ImageObject","inLanguage":"es","@id":"https:\/\/palmerodespachante.uy\/#\/schema\/logo\/image\/","url":"https:\/\/palmerodespachante.uy\/wp-content\/uploads\/2018\/08\/Logo-144.png","contentUrl":"https:\/\/palmerodespachante.uy\/wp-content\/uploads\/2018\/08\/Logo-144.png","width":144,"height":144,"caption":"Palmero Despachante de Aduanas"},"image":{"@id":"https:\/\/palmerodespachante.uy\/#\/schema\/logo\/image\/"},"sameAs":["https:\/\/www.facebook.com\/despachantedeaduana.palmero?hc_ref=ARQPWzEmqFz3O_9qTlrxPP6NW-Vf1b4-iJdwH7XdkuWdfarefzfPyjY7DGBCye4mnJs","https:\/\/www.linkedin.com\/company\/despachante-de-aduana-palmero\/"]},{"@type":"Person","@id":"https:\/\/palmerodespachante.uy\/#\/schema\/person\/9eabdcdc87fc74d275cc2faf2ce2f732","name":"Javier Palmero","image":{"@type":"ImageObject","inLanguage":"es","@id":"https:\/\/palmerodespachante.uy\/wp-content\/litespeed\/avatar\/8e783966089c8fa82b27a6627fb956c2.jpg?ver=1777463218","url":"https:\/\/palmerodespachante.uy\/wp-content\/litespeed\/avatar\/8e783966089c8fa82b27a6627fb956c2.jpg?ver=1777463218","contentUrl":"https:\/\/palmerodespachante.uy\/wp-content\/litespeed\/avatar\/8e783966089c8fa82b27a6627fb956c2.jpg?ver=1777463218","caption":"Javier Palmero"}}]}},"jetpack_featured_media_url":"https:\/\/palmerodespachante.uy\/wp-content\/uploads\/2025\/01\/Milei.jpg","_links":{"self":[{"href":"https:\/\/palmerodespachante.uy\/index.php\/wp-json\/wp\/v2\/posts\/1356","targetHints":{"allow":["GET"]}}],"collection":[{"href":"https:\/\/palmerodespachante.uy\/index.php\/wp-json\/wp\/v2\/posts"}],"about":[{"href":"https:\/\/palmerodespachante.uy\/index.php\/wp-json\/wp\/v2\/types\/post"}],"author":[{"embeddable":true,"href":"https:\/\/palmerodespachante.uy\/index.php\/wp-json\/wp\/v2\/users\/3"}],"replies":[{"embeddable":true,"href":"https:\/\/palmerodespachante.uy\/index.php\/wp-json\/wp\/v2\/comments?post=1356"}],"version-history":[{"count":1,"href":"https:\/\/palmerodespachante.uy\/index.php\/wp-json\/wp\/v2\/posts\/1356\/revisions"}],"predecessor-version":[{"id":1358,"href":"https:\/\/palmerodespachante.uy\/index.php\/wp-json\/wp\/v2\/posts\/1356\/revisions\/1358"}],"wp:featuredmedia":[{"embeddable":true,"href":"https:\/\/palmerodespachante.uy\/index.php\/wp-json\/wp\/v2\/media\/1357"}],"wp:attachment":[{"href":"https:\/\/palmerodespachante.uy\/index.php\/wp-json\/wp\/v2\/media?parent=1356"}],"wp:term":[{"taxonomy":"category","embeddable":true,"href":"https:\/\/palmerodespachante.uy\/index.php\/wp-json\/wp\/v2\/categories?post=1356"},{"taxonomy":"post_tag","embeddable":true,"href":"https:\/\/palmerodespachante.uy\/index.php\/wp-json\/wp\/v2\/tags?post=1356"}],"curies":[{"name":"wp","href":"https:\/\/api.w.org\/{rel}","templated":true}]}}