{"id":1340,"date":"2024-11-12T17:22:03","date_gmt":"2024-11-12T20:22:03","guid":{"rendered":"https:\/\/palmerodespachante.uy\/?p=1340"},"modified":"2024-11-12T17:22:04","modified_gmt":"2024-11-12T20:22:04","slug":"transporte-de-pasajeros-se-preparan-para-una-temporada-de-verano-que-sea-mejor-que-la-anterior","status":"publish","type":"post","link":"https:\/\/palmerodespachante.uy\/index.php\/2024\/11\/12\/transporte-de-pasajeros-se-preparan-para-una-temporada-de-verano-que-sea-mejor-que-la-anterior\/","title":{"rendered":"TRANSPORTE DE PASAJEROS SE PREPARAN PARA UNA TEMPORADA DE VERANO QUE SEA MEJOR QUE LA ANTERIOR."},"content":{"rendered":"\n<p><strong>EMPRESAS DE TRANSPORTE DE PASAJEROS SE PREPARAN PARA UNA TEMPORADA DE VERANO QUE SEA MEJOR QUE LA ANTERIOR.<\/strong><\/p>\n\n\n\n<p>Las empresas de transporte de pasajeros se preparan para la pr\u00f3xima temporada con una nueva flota y mayores frecuencias. Sin embargo, fuentes consultadas se\u00f1alaron que la pandemia implic\u00f3 grandes desaf\u00edos para el transporte de pasajeros, que desde entonces no logra cubrir el 100% de las plazas disponibles. A prop\u00f3sito, el gerente de la empresa de transporte Copsa, Javier Cardozo, indic\u00f3 que el sector mantiene la \u201cestabilidad\u201d, aunque todav\u00eda persisten algunas dificultades en el \u00e1rea de servicios de corta distancia ya que los pasajeros prefieren trasladarse en auto particular. En ese sentido, agreg\u00f3 que una de las principales caracter\u00edsticas que valoran los pasajeros a la hora de adquirir un pasaje son los servicios directos ya que implican menos tiempo de viaje. Por su parte, el gerente de N\u00fa\u00f1ez, Bruno N\u00fa\u00f1ez, sostuvo que el transporte nacional por carretera se estabiliz\u00f3 en niveles de entre el 80% y 85% de los recorridos que exist\u00edan antes de la pandemia de covid-19 y agreg\u00f3 que la venta de autos 0 kil\u00f3metro \u201cafect\u00f3 las cifras internas\u201d. Luego de la temporada veraniega pasada, donde se registr\u00f3 un aumento del turismo interno, el sector de transporte de pasajeros espera que el verano 2024-2025 se comporte, al menos, de manera similar a la anterior. No obstante, Cardozo sostuvo que la pr\u00f3xima temporada \u201cser\u00e1 mejor\u201d que la del a\u00f1o pasado por un factor determinante durante el verano: el estado del tiempo. Para los meses de verano se prev\u00e9 que Uruguay atraviese una nueva temporada de sequ\u00eda, lo que seg\u00fan el gerente de Copsa, \u201cmotiva al veraneante\u201d durante d\u00edas soleados y de altas temperaturas. El gerente de Turismar, Fernando Chainca, tambi\u00e9n hizo referencia al tiempo en el pa\u00eds y se\u00f1al\u00f3 que durante la temporada de invierno algunas alertas rojas y naranjas resultaron en pocos viajes y hasta la suspensi\u00f3n de algunos servicios. En ese sentido, Cardozo destac\u00f3 que la temporada pasada la mayor demanda de pasajes fue con destino a Maldonado y que el resto del territorio alcanz\u00f3 a un 16% de los recorridos. (El Pa\u00eds)<\/p>\n","protected":false},"excerpt":{"rendered":"<p>EMPRESAS DE TRANSPORTE DE PASAJEROS SE PREPARAN PARA UNA TEMPORADA DE VERANO QUE SEA MEJOR QUE LA ANTERIOR. Las empresas de transporte de pasajeros se preparan para la pr\u00f3xima temporada con una nueva flota y mayores frecuencias. Sin embargo, fuentes consultadas se\u00f1alaron que la pandemia implic\u00f3 grandes desaf\u00edos para el transporte de pasajeros, que desde [&hellip;]<\/p>\n","protected":false},"author":3,"featured_media":0,"comment_status":"open","ping_status":"open","sticky":false,"template":"","format":"standard","meta":{"_joinchat":[],"footnotes":""},"categories":[37],"tags":[],"class_list":{"0":"post-1340","1":"post","2":"type-post","3":"status-publish","4":"format-standard","6":"category-noticias"},"yoast_head":"<!-- This site is optimized with the Yoast SEO plugin v27.5 - https:\/\/yoast.com\/product\/yoast-seo-wordpress\/ -->\n<title>TRANSPORTE DE PASAJEROS SE PREPARAN PARA UNA TEMPORADA DE VERANO QUE SEA MEJOR QUE LA ANTERIOR. - Palmero Despachante de Aduana<\/title>\n<meta name=\"robots\" content=\"noindex, follow\" \/>\n<meta property=\"og:locale\" content=\"es_ES\" \/>\n<meta property=\"og:type\" content=\"article\" \/>\n<meta property=\"og:title\" content=\"TRANSPORTE DE PASAJEROS SE PREPARAN PARA UNA TEMPORADA DE VERANO QUE SEA MEJOR QUE LA ANTERIOR. - Palmero Despachante de Aduana\" \/>\n<meta property=\"og:description\" content=\"EMPRESAS DE TRANSPORTE DE PASAJEROS SE PREPARAN PARA UNA TEMPORADA DE VERANO QUE SEA MEJOR QUE LA ANTERIOR. Las empresas de transporte de pasajeros se preparan para la pr\u00f3xima temporada con una nueva flota y mayores frecuencias. Sin embargo, fuentes consultadas se\u00f1alaron que la pandemia implic\u00f3 grandes desaf\u00edos para el transporte de pasajeros, que desde [&hellip;]\" \/>\n<meta property=\"og:url\" content=\"https:\/\/palmerodespachante.uy\/index.php\/2024\/11\/12\/transporte-de-pasajeros-se-preparan-para-una-temporada-de-verano-que-sea-mejor-que-la-anterior\/\" \/>\n<meta property=\"og:site_name\" content=\"Palmero Despachante de Aduana\" \/>\n<meta property=\"article:publisher\" content=\"https:\/\/www.facebook.com\/despachantedeaduana.palmero?hc_ref=ARQPWzEmqFz3O_9qTlrxPP6NW-Vf1b4-iJdwH7XdkuWdfarefzfPyjY7DGBCye4mnJs\" \/>\n<meta property=\"article:published_time\" content=\"2024-11-12T20:22:03+00:00\" \/>\n<meta property=\"article:modified_time\" content=\"2024-11-12T20:22:04+00:00\" \/>\n<meta name=\"author\" content=\"Javier Palmero\" \/>\n<meta name=\"twitter:card\" content=\"summary_large_image\" \/>\n<meta name=\"twitter:label1\" content=\"Escrito por\" \/>\n\t<meta name=\"twitter:data1\" content=\"Javier Palmero\" \/>\n\t<meta name=\"twitter:label2\" content=\"Tiempo de lectura\" \/>\n\t<meta name=\"twitter:data2\" content=\"2 minutos\" \/>\n<script type=\"application\/ld+json\" class=\"yoast-schema-graph\">{\"@context\":\"https:\\\/\\\/schema.org\",\"@graph\":[{\"@type\":\"Article\",\"@id\":\"https:\\\/\\\/palmerodespachante.uy\\\/index.php\\\/2024\\\/11\\\/12\\\/transporte-de-pasajeros-se-preparan-para-una-temporada-de-verano-que-sea-mejor-que-la-anterior\\\/#article\",\"isPartOf\":{\"@id\":\"https:\\\/\\\/palmerodespachante.uy\\\/index.php\\\/2024\\\/11\\\/12\\\/transporte-de-pasajeros-se-preparan-para-una-temporada-de-verano-que-sea-mejor-que-la-anterior\\\/\"},\"author\":{\"name\":\"Javier Palmero\",\"@id\":\"https:\\\/\\\/palmerodespachante.uy\\\/#\\\/schema\\\/person\\\/9eabdcdc87fc74d275cc2faf2ce2f732\"},\"headline\":\"TRANSPORTE DE PASAJEROS SE PREPARAN PARA UNA TEMPORADA DE VERANO QUE SEA MEJOR QUE LA ANTERIOR.\",\"datePublished\":\"2024-11-12T20:22:03+00:00\",\"dateModified\":\"2024-11-12T20:22:04+00:00\",\"mainEntityOfPage\":{\"@id\":\"https:\\\/\\\/palmerodespachante.uy\\\/index.php\\\/2024\\\/11\\\/12\\\/transporte-de-pasajeros-se-preparan-para-una-temporada-de-verano-que-sea-mejor-que-la-anterior\\\/\"},\"wordCount\":384,\"commentCount\":0,\"publisher\":{\"@id\":\"https:\\\/\\\/palmerodespachante.uy\\\/#organization\"},\"articleSection\":[\"Noticias\"],\"inLanguage\":\"es\",\"potentialAction\":[{\"@type\":\"CommentAction\",\"name\":\"Comment\",\"target\":[\"https:\\\/\\\/palmerodespachante.uy\\\/index.php\\\/2024\\\/11\\\/12\\\/transporte-de-pasajeros-se-preparan-para-una-temporada-de-verano-que-sea-mejor-que-la-anterior\\\/#respond\"]}]},{\"@type\":\"WebPage\",\"@id\":\"https:\\\/\\\/palmerodespachante.uy\\\/index.php\\\/2024\\\/11\\\/12\\\/transporte-de-pasajeros-se-preparan-para-una-temporada-de-verano-que-sea-mejor-que-la-anterior\\\/\",\"url\":\"https:\\\/\\\/palmerodespachante.uy\\\/index.php\\\/2024\\\/11\\\/12\\\/transporte-de-pasajeros-se-preparan-para-una-temporada-de-verano-que-sea-mejor-que-la-anterior\\\/\",\"name\":\"TRANSPORTE DE PASAJEROS SE PREPARAN PARA UNA TEMPORADA DE VERANO QUE SEA MEJOR QUE LA ANTERIOR. - Palmero Despachante de Aduana\",\"isPartOf\":{\"@id\":\"https:\\\/\\\/palmerodespachante.uy\\\/#website\"},\"datePublished\":\"2024-11-12T20:22:03+00:00\",\"dateModified\":\"2024-11-12T20:22:04+00:00\",\"breadcrumb\":{\"@id\":\"https:\\\/\\\/palmerodespachante.uy\\\/index.php\\\/2024\\\/11\\\/12\\\/transporte-de-pasajeros-se-preparan-para-una-temporada-de-verano-que-sea-mejor-que-la-anterior\\\/#breadcrumb\"},\"inLanguage\":\"es\",\"potentialAction\":[{\"@type\":\"ReadAction\",\"target\":[\"https:\\\/\\\/palmerodespachante.uy\\\/index.php\\\/2024\\\/11\\\/12\\\/transporte-de-pasajeros-se-preparan-para-una-temporada-de-verano-que-sea-mejor-que-la-anterior\\\/\"]}]},{\"@type\":\"BreadcrumbList\",\"@id\":\"https:\\\/\\\/palmerodespachante.uy\\\/index.php\\\/2024\\\/11\\\/12\\\/transporte-de-pasajeros-se-preparan-para-una-temporada-de-verano-que-sea-mejor-que-la-anterior\\\/#breadcrumb\",\"itemListElement\":[{\"@type\":\"ListItem\",\"position\":1,\"name\":\"Portada\",\"item\":\"https:\\\/\\\/palmerodespachante.uy\\\/\"},{\"@type\":\"ListItem\",\"position\":2,\"name\":\"TRANSPORTE DE PASAJEROS SE PREPARAN PARA UNA TEMPORADA DE VERANO QUE SEA MEJOR QUE LA ANTERIOR.\"}]},{\"@type\":\"WebSite\",\"@id\":\"https:\\\/\\\/palmerodespachante.uy\\\/#website\",\"url\":\"https:\\\/\\\/palmerodespachante.uy\\\/\",\"name\":\"Palmero Despachante de Aduana\",\"description\":\"Importaci\u00f3n, Exportaci\u00f3n, Tr\u00e1nsito\",\"publisher\":{\"@id\":\"https:\\\/\\\/palmerodespachante.uy\\\/#organization\"},\"potentialAction\":[{\"@type\":\"SearchAction\",\"target\":{\"@type\":\"EntryPoint\",\"urlTemplate\":\"https:\\\/\\\/palmerodespachante.uy\\\/?s={search_term_string}\"},\"query-input\":{\"@type\":\"PropertyValueSpecification\",\"valueRequired\":true,\"valueName\":\"search_term_string\"}}],\"inLanguage\":\"es\"},{\"@type\":\"Organization\",\"@id\":\"https:\\\/\\\/palmerodespachante.uy\\\/#organization\",\"name\":\"Palmero Despachante de Aduanas\",\"url\":\"https:\\\/\\\/palmerodespachante.uy\\\/\",\"logo\":{\"@type\":\"ImageObject\",\"inLanguage\":\"es\",\"@id\":\"https:\\\/\\\/palmerodespachante.uy\\\/#\\\/schema\\\/logo\\\/image\\\/\",\"url\":\"https:\\\/\\\/palmerodespachante.uy\\\/wp-content\\\/uploads\\\/2018\\\/08\\\/Logo-144.png\",\"contentUrl\":\"https:\\\/\\\/palmerodespachante.uy\\\/wp-content\\\/uploads\\\/2018\\\/08\\\/Logo-144.png\",\"width\":144,\"height\":144,\"caption\":\"Palmero Despachante de Aduanas\"},\"image\":{\"@id\":\"https:\\\/\\\/palmerodespachante.uy\\\/#\\\/schema\\\/logo\\\/image\\\/\"},\"sameAs\":[\"https:\\\/\\\/www.facebook.com\\\/despachantedeaduana.palmero?hc_ref=ARQPWzEmqFz3O_9qTlrxPP6NW-Vf1b4-iJdwH7XdkuWdfarefzfPyjY7DGBCye4mnJs\",\"https:\\\/\\\/www.linkedin.com\\\/company\\\/despachante-de-aduana-palmero\\\/\"]},{\"@type\":\"Person\",\"@id\":\"https:\\\/\\\/palmerodespachante.uy\\\/#\\\/schema\\\/person\\\/9eabdcdc87fc74d275cc2faf2ce2f732\",\"name\":\"Javier Palmero\",\"image\":{\"@type\":\"ImageObject\",\"inLanguage\":\"es\",\"@id\":\"https:\\\/\\\/palmerodespachante.uy\\\/wp-content\\\/litespeed\\\/avatar\\\/8e783966089c8fa82b27a6627fb956c2.jpg?ver=1777463218\",\"url\":\"https:\\\/\\\/palmerodespachante.uy\\\/wp-content\\\/litespeed\\\/avatar\\\/8e783966089c8fa82b27a6627fb956c2.jpg?ver=1777463218\",\"contentUrl\":\"https:\\\/\\\/palmerodespachante.uy\\\/wp-content\\\/litespeed\\\/avatar\\\/8e783966089c8fa82b27a6627fb956c2.jpg?ver=1777463218\",\"caption\":\"Javier Palmero\"}}]}<\/script>\n<!-- \/ Yoast SEO plugin. -->","yoast_head_json":{"title":"TRANSPORTE DE PASAJEROS SE PREPARAN PARA UNA TEMPORADA DE VERANO QUE SEA MEJOR QUE LA ANTERIOR. - Palmero Despachante de Aduana","robots":{"index":"noindex","follow":"follow"},"og_locale":"es_ES","og_type":"article","og_title":"TRANSPORTE DE PASAJEROS SE PREPARAN PARA UNA TEMPORADA DE VERANO QUE SEA MEJOR QUE LA ANTERIOR. - Palmero Despachante de Aduana","og_description":"EMPRESAS DE TRANSPORTE DE PASAJEROS SE PREPARAN PARA UNA TEMPORADA DE VERANO QUE SEA MEJOR QUE LA ANTERIOR. Las empresas de transporte de pasajeros se preparan para la pr\u00f3xima temporada con una nueva flota y mayores frecuencias. Sin embargo, fuentes consultadas se\u00f1alaron que la pandemia implic\u00f3 grandes desaf\u00edos para el transporte de pasajeros, que desde [&hellip;]","og_url":"https:\/\/palmerodespachante.uy\/index.php\/2024\/11\/12\/transporte-de-pasajeros-se-preparan-para-una-temporada-de-verano-que-sea-mejor-que-la-anterior\/","og_site_name":"Palmero Despachante de Aduana","article_publisher":"https:\/\/www.facebook.com\/despachantedeaduana.palmero?hc_ref=ARQPWzEmqFz3O_9qTlrxPP6NW-Vf1b4-iJdwH7XdkuWdfarefzfPyjY7DGBCye4mnJs","article_published_time":"2024-11-12T20:22:03+00:00","article_modified_time":"2024-11-12T20:22:04+00:00","author":"Javier Palmero","twitter_card":"summary_large_image","twitter_misc":{"Escrito por":"Javier Palmero","Tiempo de lectura":"2 minutos"},"schema":{"@context":"https:\/\/schema.org","@graph":[{"@type":"Article","@id":"https:\/\/palmerodespachante.uy\/index.php\/2024\/11\/12\/transporte-de-pasajeros-se-preparan-para-una-temporada-de-verano-que-sea-mejor-que-la-anterior\/#article","isPartOf":{"@id":"https:\/\/palmerodespachante.uy\/index.php\/2024\/11\/12\/transporte-de-pasajeros-se-preparan-para-una-temporada-de-verano-que-sea-mejor-que-la-anterior\/"},"author":{"name":"Javier Palmero","@id":"https:\/\/palmerodespachante.uy\/#\/schema\/person\/9eabdcdc87fc74d275cc2faf2ce2f732"},"headline":"TRANSPORTE DE PASAJEROS SE PREPARAN PARA UNA TEMPORADA DE VERANO QUE SEA MEJOR QUE LA ANTERIOR.","datePublished":"2024-11-12T20:22:03+00:00","dateModified":"2024-11-12T20:22:04+00:00","mainEntityOfPage":{"@id":"https:\/\/palmerodespachante.uy\/index.php\/2024\/11\/12\/transporte-de-pasajeros-se-preparan-para-una-temporada-de-verano-que-sea-mejor-que-la-anterior\/"},"wordCount":384,"commentCount":0,"publisher":{"@id":"https:\/\/palmerodespachante.uy\/#organization"},"articleSection":["Noticias"],"inLanguage":"es","potentialAction":[{"@type":"CommentAction","name":"Comment","target":["https:\/\/palmerodespachante.uy\/index.php\/2024\/11\/12\/transporte-de-pasajeros-se-preparan-para-una-temporada-de-verano-que-sea-mejor-que-la-anterior\/#respond"]}]},{"@type":"WebPage","@id":"https:\/\/palmerodespachante.uy\/index.php\/2024\/11\/12\/transporte-de-pasajeros-se-preparan-para-una-temporada-de-verano-que-sea-mejor-que-la-anterior\/","url":"https:\/\/palmerodespachante.uy\/index.php\/2024\/11\/12\/transporte-de-pasajeros-se-preparan-para-una-temporada-de-verano-que-sea-mejor-que-la-anterior\/","name":"TRANSPORTE DE PASAJEROS SE PREPARAN PARA UNA TEMPORADA DE VERANO QUE SEA MEJOR QUE LA ANTERIOR. - Palmero Despachante de Aduana","isPartOf":{"@id":"https:\/\/palmerodespachante.uy\/#website"},"datePublished":"2024-11-12T20:22:03+00:00","dateModified":"2024-11-12T20:22:04+00:00","breadcrumb":{"@id":"https:\/\/palmerodespachante.uy\/index.php\/2024\/11\/12\/transporte-de-pasajeros-se-preparan-para-una-temporada-de-verano-que-sea-mejor-que-la-anterior\/#breadcrumb"},"inLanguage":"es","potentialAction":[{"@type":"ReadAction","target":["https:\/\/palmerodespachante.uy\/index.php\/2024\/11\/12\/transporte-de-pasajeros-se-preparan-para-una-temporada-de-verano-que-sea-mejor-que-la-anterior\/"]}]},{"@type":"BreadcrumbList","@id":"https:\/\/palmerodespachante.uy\/index.php\/2024\/11\/12\/transporte-de-pasajeros-se-preparan-para-una-temporada-de-verano-que-sea-mejor-que-la-anterior\/#breadcrumb","itemListElement":[{"@type":"ListItem","position":1,"name":"Portada","item":"https:\/\/palmerodespachante.uy\/"},{"@type":"ListItem","position":2,"name":"TRANSPORTE DE PASAJEROS SE PREPARAN PARA UNA TEMPORADA DE VERANO QUE SEA MEJOR QUE LA ANTERIOR."}]},{"@type":"WebSite","@id":"https:\/\/palmerodespachante.uy\/#website","url":"https:\/\/palmerodespachante.uy\/","name":"Palmero Despachante de Aduana","description":"Importaci\u00f3n, Exportaci\u00f3n, Tr\u00e1nsito","publisher":{"@id":"https:\/\/palmerodespachante.uy\/#organization"},"potentialAction":[{"@type":"SearchAction","target":{"@type":"EntryPoint","urlTemplate":"https:\/\/palmerodespachante.uy\/?s={search_term_string}"},"query-input":{"@type":"PropertyValueSpecification","valueRequired":true,"valueName":"search_term_string"}}],"inLanguage":"es"},{"@type":"Organization","@id":"https:\/\/palmerodespachante.uy\/#organization","name":"Palmero Despachante de Aduanas","url":"https:\/\/palmerodespachante.uy\/","logo":{"@type":"ImageObject","inLanguage":"es","@id":"https:\/\/palmerodespachante.uy\/#\/schema\/logo\/image\/","url":"https:\/\/palmerodespachante.uy\/wp-content\/uploads\/2018\/08\/Logo-144.png","contentUrl":"https:\/\/palmerodespachante.uy\/wp-content\/uploads\/2018\/08\/Logo-144.png","width":144,"height":144,"caption":"Palmero Despachante de Aduanas"},"image":{"@id":"https:\/\/palmerodespachante.uy\/#\/schema\/logo\/image\/"},"sameAs":["https:\/\/www.facebook.com\/despachantedeaduana.palmero?hc_ref=ARQPWzEmqFz3O_9qTlrxPP6NW-Vf1b4-iJdwH7XdkuWdfarefzfPyjY7DGBCye4mnJs","https:\/\/www.linkedin.com\/company\/despachante-de-aduana-palmero\/"]},{"@type":"Person","@id":"https:\/\/palmerodespachante.uy\/#\/schema\/person\/9eabdcdc87fc74d275cc2faf2ce2f732","name":"Javier Palmero","image":{"@type":"ImageObject","inLanguage":"es","@id":"https:\/\/palmerodespachante.uy\/wp-content\/litespeed\/avatar\/8e783966089c8fa82b27a6627fb956c2.jpg?ver=1777463218","url":"https:\/\/palmerodespachante.uy\/wp-content\/litespeed\/avatar\/8e783966089c8fa82b27a6627fb956c2.jpg?ver=1777463218","contentUrl":"https:\/\/palmerodespachante.uy\/wp-content\/litespeed\/avatar\/8e783966089c8fa82b27a6627fb956c2.jpg?ver=1777463218","caption":"Javier Palmero"}}]}},"jetpack_featured_media_url":"","_links":{"self":[{"href":"https:\/\/palmerodespachante.uy\/index.php\/wp-json\/wp\/v2\/posts\/1340","targetHints":{"allow":["GET"]}}],"collection":[{"href":"https:\/\/palmerodespachante.uy\/index.php\/wp-json\/wp\/v2\/posts"}],"about":[{"href":"https:\/\/palmerodespachante.uy\/index.php\/wp-json\/wp\/v2\/types\/post"}],"author":[{"embeddable":true,"href":"https:\/\/palmerodespachante.uy\/index.php\/wp-json\/wp\/v2\/users\/3"}],"replies":[{"embeddable":true,"href":"https:\/\/palmerodespachante.uy\/index.php\/wp-json\/wp\/v2\/comments?post=1340"}],"version-history":[{"count":1,"href":"https:\/\/palmerodespachante.uy\/index.php\/wp-json\/wp\/v2\/posts\/1340\/revisions"}],"predecessor-version":[{"id":1341,"href":"https:\/\/palmerodespachante.uy\/index.php\/wp-json\/wp\/v2\/posts\/1340\/revisions\/1341"}],"wp:attachment":[{"href":"https:\/\/palmerodespachante.uy\/index.php\/wp-json\/wp\/v2\/media?parent=1340"}],"wp:term":[{"taxonomy":"category","embeddable":true,"href":"https:\/\/palmerodespachante.uy\/index.php\/wp-json\/wp\/v2\/categories?post=1340"},{"taxonomy":"post_tag","embeddable":true,"href":"https:\/\/palmerodespachante.uy\/index.php\/wp-json\/wp\/v2\/tags?post=1340"}],"curies":[{"name":"wp","href":"https:\/\/api.w.org\/{rel}","templated":true}]}}