{"id":1308,"date":"2024-10-18T11:50:50","date_gmt":"2024-10-18T14:50:50","guid":{"rendered":"https:\/\/palmerodespachante.uy\/?p=1308"},"modified":"2024-10-18T11:50:51","modified_gmt":"2024-10-18T14:50:51","slug":"impuesto-del-escaner-de-aduana","status":"publish","type":"post","link":"https:\/\/palmerodespachante.uy\/index.php\/2024\/10\/18\/impuesto-del-escaner-de-aduana\/","title":{"rendered":"IMPUESTO DEL ESCANER DE ADUANA"},"content":{"rendered":"\n<p>Los nuevos tres esc\u00e1neres que comenzar\u00e1n a funcionar en el Puerto de Montevideo a partir de octubre dispondr\u00e1n de una tasa de 12 d\u00f3lares por cada una de las operaciones que se realicen all\u00ed, lo que encarecer\u00eda a\u00fan m\u00e1s a la terminal, una realidad que fue cuestionada por los exportadores en varias oportunidades. <\/p>\n\n\n\n<p>En una resoluci\u00f3n de la DNA publicada recientemente, se establece el comienzo del cobro de una tasa por 85 Unidades Indexadas (UI), un equivalente aproximado a 12,3 d\u00f3lares por cada carga que pase por el Puerto de Montevideo. Esta tasa, se hab\u00eda impuesto durante la Rendici\u00f3n de Cuentas del a\u00f1o 2021 y tiene el objetivo de financiar el nuevo sistema de costo aduanero. El impuesto se cobrar\u00e1 al Documento \u00danico Aduanero (DUA) de exportaciones, importaciones, tr\u00e1nsitos y mensajes simplificados de reembarque y trasbordo. <\/p>\n\n\n\n<p>Estos \u00faltimos refieren a las declaraciones de movimientos de mercader\u00eda que se realizan de todos los recintos aduaneros, ya sea mar\u00edtimos o a\u00e9reos. Sin embargo, la resoluci\u00f3n de la DNA aclara que esta tasa no se aplicar\u00e1 en declaraciones y mensajes relativos a embarques a\u00e9reos de importaci\u00f3n y exportaci\u00f3n que sean de hasta 20 kilos, ni que tampoco superen los 200 d\u00f3lares ya que son compras internacionales que se comprenden dentro de la franquicia de encomiendas internacionales, por lo que no pagan aranceles de importaci\u00f3n cuando entran al pa\u00eds. (\u00c1mbito Financiero)<\/p>\n\n\n\n<p>DESPACHANTE DE ADUANA PALMERO<\/p>\n\n\n\n<p><\/p>\n","protected":false},"excerpt":{"rendered":"<p>Los nuevos tres esc\u00e1neres que comenzar\u00e1n a funcionar en el Puerto de Montevideo a partir de octubre dispondr\u00e1n de una tasa de 12 d\u00f3lares por cada una de las operaciones que se realicen all\u00ed, lo que encarecer\u00eda a\u00fan m\u00e1s a la terminal, una realidad que fue cuestionada por los exportadores en varias oportunidades. En una [&hellip;]<\/p>\n","protected":false},"author":3,"featured_media":1309,"comment_status":"open","ping_status":"open","sticky":false,"template":"","format":"standard","meta":{"_joinchat":[],"footnotes":""},"categories":[15],"tags":[],"class_list":{"0":"post-1308","1":"post","2":"type-post","3":"status-publish","4":"format-standard","5":"has-post-thumbnail","7":"category-sin-categoria-es"},"yoast_head":"<!-- This site is optimized with the Yoast SEO plugin v27.5 - https:\/\/yoast.com\/product\/yoast-seo-wordpress\/ -->\n<title>IMPUESTO DEL ESCANER DE ADUANA - Palmero Despachante de Aduana<\/title>\n<meta name=\"robots\" content=\"noindex, follow\" \/>\n<meta property=\"og:locale\" content=\"es_ES\" \/>\n<meta property=\"og:type\" content=\"article\" \/>\n<meta property=\"og:title\" content=\"IMPUESTO DEL ESCANER DE ADUANA - Palmero Despachante de Aduana\" \/>\n<meta property=\"og:description\" content=\"Los nuevos tres esc\u00e1neres que comenzar\u00e1n a funcionar en el Puerto de Montevideo a partir de octubre dispondr\u00e1n de una tasa de 12 d\u00f3lares por cada una de las operaciones que se realicen all\u00ed, lo que encarecer\u00eda a\u00fan m\u00e1s a la terminal, una realidad que fue cuestionada por los exportadores en varias oportunidades. En una [&hellip;]\" \/>\n<meta property=\"og:url\" content=\"https:\/\/palmerodespachante.uy\/index.php\/2024\/10\/18\/impuesto-del-escaner-de-aduana\/\" \/>\n<meta property=\"og:site_name\" content=\"Palmero Despachante de Aduana\" \/>\n<meta property=\"article:publisher\" content=\"https:\/\/www.facebook.com\/despachantedeaduana.palmero?hc_ref=ARQPWzEmqFz3O_9qTlrxPP6NW-Vf1b4-iJdwH7XdkuWdfarefzfPyjY7DGBCye4mnJs\" \/>\n<meta property=\"article:published_time\" content=\"2024-10-18T14:50:50+00:00\" \/>\n<meta property=\"article:modified_time\" content=\"2024-10-18T14:50:51+00:00\" \/>\n<meta property=\"og:image\" content=\"http:\/\/palmerodespachante.uy\/wp-content\/uploads\/2024\/10\/ESCANER.jpg\" \/>\n\t<meta property=\"og:image:width\" content=\"1000\" \/>\n\t<meta property=\"og:image:height\" content=\"665\" \/>\n\t<meta property=\"og:image:type\" content=\"image\/jpeg\" \/>\n<meta name=\"author\" content=\"Javier Palmero\" \/>\n<meta name=\"twitter:card\" content=\"summary_large_image\" \/>\n<meta name=\"twitter:label1\" content=\"Escrito por\" \/>\n\t<meta name=\"twitter:data1\" content=\"Javier Palmero\" \/>\n\t<meta name=\"twitter:label2\" content=\"Tiempo de lectura\" \/>\n\t<meta name=\"twitter:data2\" content=\"2 minutos\" \/>\n<script type=\"application\/ld+json\" class=\"yoast-schema-graph\">{\"@context\":\"https:\\\/\\\/schema.org\",\"@graph\":[{\"@type\":\"Article\",\"@id\":\"https:\\\/\\\/palmerodespachante.uy\\\/index.php\\\/2024\\\/10\\\/18\\\/impuesto-del-escaner-de-aduana\\\/#article\",\"isPartOf\":{\"@id\":\"https:\\\/\\\/palmerodespachante.uy\\\/index.php\\\/2024\\\/10\\\/18\\\/impuesto-del-escaner-de-aduana\\\/\"},\"author\":{\"name\":\"Javier Palmero\",\"@id\":\"https:\\\/\\\/palmerodespachante.uy\\\/#\\\/schema\\\/person\\\/9eabdcdc87fc74d275cc2faf2ce2f732\"},\"headline\":\"IMPUESTO DEL ESCANER DE ADUANA\",\"datePublished\":\"2024-10-18T14:50:50+00:00\",\"dateModified\":\"2024-10-18T14:50:51+00:00\",\"mainEntityOfPage\":{\"@id\":\"https:\\\/\\\/palmerodespachante.uy\\\/index.php\\\/2024\\\/10\\\/18\\\/impuesto-del-escaner-de-aduana\\\/\"},\"wordCount\":253,\"commentCount\":0,\"publisher\":{\"@id\":\"https:\\\/\\\/palmerodespachante.uy\\\/#organization\"},\"image\":{\"@id\":\"https:\\\/\\\/palmerodespachante.uy\\\/index.php\\\/2024\\\/10\\\/18\\\/impuesto-del-escaner-de-aduana\\\/#primaryimage\"},\"thumbnailUrl\":\"https:\\\/\\\/palmerodespachante.uy\\\/wp-content\\\/uploads\\\/2024\\\/10\\\/ESCANER.jpg\",\"inLanguage\":\"es\",\"potentialAction\":[{\"@type\":\"CommentAction\",\"name\":\"Comment\",\"target\":[\"https:\\\/\\\/palmerodespachante.uy\\\/index.php\\\/2024\\\/10\\\/18\\\/impuesto-del-escaner-de-aduana\\\/#respond\"]}]},{\"@type\":\"WebPage\",\"@id\":\"https:\\\/\\\/palmerodespachante.uy\\\/index.php\\\/2024\\\/10\\\/18\\\/impuesto-del-escaner-de-aduana\\\/\",\"url\":\"https:\\\/\\\/palmerodespachante.uy\\\/index.php\\\/2024\\\/10\\\/18\\\/impuesto-del-escaner-de-aduana\\\/\",\"name\":\"IMPUESTO DEL ESCANER DE ADUANA - Palmero Despachante de Aduana\",\"isPartOf\":{\"@id\":\"https:\\\/\\\/palmerodespachante.uy\\\/#website\"},\"primaryImageOfPage\":{\"@id\":\"https:\\\/\\\/palmerodespachante.uy\\\/index.php\\\/2024\\\/10\\\/18\\\/impuesto-del-escaner-de-aduana\\\/#primaryimage\"},\"image\":{\"@id\":\"https:\\\/\\\/palmerodespachante.uy\\\/index.php\\\/2024\\\/10\\\/18\\\/impuesto-del-escaner-de-aduana\\\/#primaryimage\"},\"thumbnailUrl\":\"https:\\\/\\\/palmerodespachante.uy\\\/wp-content\\\/uploads\\\/2024\\\/10\\\/ESCANER.jpg\",\"datePublished\":\"2024-10-18T14:50:50+00:00\",\"dateModified\":\"2024-10-18T14:50:51+00:00\",\"breadcrumb\":{\"@id\":\"https:\\\/\\\/palmerodespachante.uy\\\/index.php\\\/2024\\\/10\\\/18\\\/impuesto-del-escaner-de-aduana\\\/#breadcrumb\"},\"inLanguage\":\"es\",\"potentialAction\":[{\"@type\":\"ReadAction\",\"target\":[\"https:\\\/\\\/palmerodespachante.uy\\\/index.php\\\/2024\\\/10\\\/18\\\/impuesto-del-escaner-de-aduana\\\/\"]}]},{\"@type\":\"ImageObject\",\"inLanguage\":\"es\",\"@id\":\"https:\\\/\\\/palmerodespachante.uy\\\/index.php\\\/2024\\\/10\\\/18\\\/impuesto-del-escaner-de-aduana\\\/#primaryimage\",\"url\":\"https:\\\/\\\/palmerodespachante.uy\\\/wp-content\\\/uploads\\\/2024\\\/10\\\/ESCANER.jpg\",\"contentUrl\":\"https:\\\/\\\/palmerodespachante.uy\\\/wp-content\\\/uploads\\\/2024\\\/10\\\/ESCANER.jpg\",\"width\":1000,\"height\":665},{\"@type\":\"BreadcrumbList\",\"@id\":\"https:\\\/\\\/palmerodespachante.uy\\\/index.php\\\/2024\\\/10\\\/18\\\/impuesto-del-escaner-de-aduana\\\/#breadcrumb\",\"itemListElement\":[{\"@type\":\"ListItem\",\"position\":1,\"name\":\"Portada\",\"item\":\"https:\\\/\\\/palmerodespachante.uy\\\/\"},{\"@type\":\"ListItem\",\"position\":2,\"name\":\"IMPUESTO DEL ESCANER DE ADUANA\"}]},{\"@type\":\"WebSite\",\"@id\":\"https:\\\/\\\/palmerodespachante.uy\\\/#website\",\"url\":\"https:\\\/\\\/palmerodespachante.uy\\\/\",\"name\":\"Palmero Despachante de Aduana\",\"description\":\"Importaci\u00f3n, Exportaci\u00f3n, Tr\u00e1nsito\",\"publisher\":{\"@id\":\"https:\\\/\\\/palmerodespachante.uy\\\/#organization\"},\"potentialAction\":[{\"@type\":\"SearchAction\",\"target\":{\"@type\":\"EntryPoint\",\"urlTemplate\":\"https:\\\/\\\/palmerodespachante.uy\\\/?s={search_term_string}\"},\"query-input\":{\"@type\":\"PropertyValueSpecification\",\"valueRequired\":true,\"valueName\":\"search_term_string\"}}],\"inLanguage\":\"es\"},{\"@type\":\"Organization\",\"@id\":\"https:\\\/\\\/palmerodespachante.uy\\\/#organization\",\"name\":\"Palmero Despachante de Aduanas\",\"url\":\"https:\\\/\\\/palmerodespachante.uy\\\/\",\"logo\":{\"@type\":\"ImageObject\",\"inLanguage\":\"es\",\"@id\":\"https:\\\/\\\/palmerodespachante.uy\\\/#\\\/schema\\\/logo\\\/image\\\/\",\"url\":\"https:\\\/\\\/palmerodespachante.uy\\\/wp-content\\\/uploads\\\/2018\\\/08\\\/Logo-144.png\",\"contentUrl\":\"https:\\\/\\\/palmerodespachante.uy\\\/wp-content\\\/uploads\\\/2018\\\/08\\\/Logo-144.png\",\"width\":144,\"height\":144,\"caption\":\"Palmero Despachante de Aduanas\"},\"image\":{\"@id\":\"https:\\\/\\\/palmerodespachante.uy\\\/#\\\/schema\\\/logo\\\/image\\\/\"},\"sameAs\":[\"https:\\\/\\\/www.facebook.com\\\/despachantedeaduana.palmero?hc_ref=ARQPWzEmqFz3O_9qTlrxPP6NW-Vf1b4-iJdwH7XdkuWdfarefzfPyjY7DGBCye4mnJs\",\"https:\\\/\\\/www.linkedin.com\\\/company\\\/despachante-de-aduana-palmero\\\/\"]},{\"@type\":\"Person\",\"@id\":\"https:\\\/\\\/palmerodespachante.uy\\\/#\\\/schema\\\/person\\\/9eabdcdc87fc74d275cc2faf2ce2f732\",\"name\":\"Javier Palmero\",\"image\":{\"@type\":\"ImageObject\",\"inLanguage\":\"es\",\"@id\":\"https:\\\/\\\/palmerodespachante.uy\\\/wp-content\\\/litespeed\\\/avatar\\\/8e783966089c8fa82b27a6627fb956c2.jpg?ver=1777463218\",\"url\":\"https:\\\/\\\/palmerodespachante.uy\\\/wp-content\\\/litespeed\\\/avatar\\\/8e783966089c8fa82b27a6627fb956c2.jpg?ver=1777463218\",\"contentUrl\":\"https:\\\/\\\/palmerodespachante.uy\\\/wp-content\\\/litespeed\\\/avatar\\\/8e783966089c8fa82b27a6627fb956c2.jpg?ver=1777463218\",\"caption\":\"Javier Palmero\"}}]}<\/script>\n<!-- \/ Yoast SEO plugin. -->","yoast_head_json":{"title":"IMPUESTO DEL ESCANER DE ADUANA - Palmero Despachante de Aduana","robots":{"index":"noindex","follow":"follow"},"og_locale":"es_ES","og_type":"article","og_title":"IMPUESTO DEL ESCANER DE ADUANA - Palmero Despachante de Aduana","og_description":"Los nuevos tres esc\u00e1neres que comenzar\u00e1n a funcionar en el Puerto de Montevideo a partir de octubre dispondr\u00e1n de una tasa de 12 d\u00f3lares por cada una de las operaciones que se realicen all\u00ed, lo que encarecer\u00eda a\u00fan m\u00e1s a la terminal, una realidad que fue cuestionada por los exportadores en varias oportunidades. En una [&hellip;]","og_url":"https:\/\/palmerodespachante.uy\/index.php\/2024\/10\/18\/impuesto-del-escaner-de-aduana\/","og_site_name":"Palmero Despachante de Aduana","article_publisher":"https:\/\/www.facebook.com\/despachantedeaduana.palmero?hc_ref=ARQPWzEmqFz3O_9qTlrxPP6NW-Vf1b4-iJdwH7XdkuWdfarefzfPyjY7DGBCye4mnJs","article_published_time":"2024-10-18T14:50:50+00:00","article_modified_time":"2024-10-18T14:50:51+00:00","og_image":[{"width":1000,"height":665,"url":"http:\/\/palmerodespachante.uy\/wp-content\/uploads\/2024\/10\/ESCANER.jpg","type":"image\/jpeg"}],"author":"Javier Palmero","twitter_card":"summary_large_image","twitter_misc":{"Escrito por":"Javier Palmero","Tiempo de lectura":"2 minutos"},"schema":{"@context":"https:\/\/schema.org","@graph":[{"@type":"Article","@id":"https:\/\/palmerodespachante.uy\/index.php\/2024\/10\/18\/impuesto-del-escaner-de-aduana\/#article","isPartOf":{"@id":"https:\/\/palmerodespachante.uy\/index.php\/2024\/10\/18\/impuesto-del-escaner-de-aduana\/"},"author":{"name":"Javier Palmero","@id":"https:\/\/palmerodespachante.uy\/#\/schema\/person\/9eabdcdc87fc74d275cc2faf2ce2f732"},"headline":"IMPUESTO DEL ESCANER DE ADUANA","datePublished":"2024-10-18T14:50:50+00:00","dateModified":"2024-10-18T14:50:51+00:00","mainEntityOfPage":{"@id":"https:\/\/palmerodespachante.uy\/index.php\/2024\/10\/18\/impuesto-del-escaner-de-aduana\/"},"wordCount":253,"commentCount":0,"publisher":{"@id":"https:\/\/palmerodespachante.uy\/#organization"},"image":{"@id":"https:\/\/palmerodespachante.uy\/index.php\/2024\/10\/18\/impuesto-del-escaner-de-aduana\/#primaryimage"},"thumbnailUrl":"https:\/\/palmerodespachante.uy\/wp-content\/uploads\/2024\/10\/ESCANER.jpg","inLanguage":"es","potentialAction":[{"@type":"CommentAction","name":"Comment","target":["https:\/\/palmerodespachante.uy\/index.php\/2024\/10\/18\/impuesto-del-escaner-de-aduana\/#respond"]}]},{"@type":"WebPage","@id":"https:\/\/palmerodespachante.uy\/index.php\/2024\/10\/18\/impuesto-del-escaner-de-aduana\/","url":"https:\/\/palmerodespachante.uy\/index.php\/2024\/10\/18\/impuesto-del-escaner-de-aduana\/","name":"IMPUESTO DEL ESCANER DE ADUANA - Palmero Despachante de Aduana","isPartOf":{"@id":"https:\/\/palmerodespachante.uy\/#website"},"primaryImageOfPage":{"@id":"https:\/\/palmerodespachante.uy\/index.php\/2024\/10\/18\/impuesto-del-escaner-de-aduana\/#primaryimage"},"image":{"@id":"https:\/\/palmerodespachante.uy\/index.php\/2024\/10\/18\/impuesto-del-escaner-de-aduana\/#primaryimage"},"thumbnailUrl":"https:\/\/palmerodespachante.uy\/wp-content\/uploads\/2024\/10\/ESCANER.jpg","datePublished":"2024-10-18T14:50:50+00:00","dateModified":"2024-10-18T14:50:51+00:00","breadcrumb":{"@id":"https:\/\/palmerodespachante.uy\/index.php\/2024\/10\/18\/impuesto-del-escaner-de-aduana\/#breadcrumb"},"inLanguage":"es","potentialAction":[{"@type":"ReadAction","target":["https:\/\/palmerodespachante.uy\/index.php\/2024\/10\/18\/impuesto-del-escaner-de-aduana\/"]}]},{"@type":"ImageObject","inLanguage":"es","@id":"https:\/\/palmerodespachante.uy\/index.php\/2024\/10\/18\/impuesto-del-escaner-de-aduana\/#primaryimage","url":"https:\/\/palmerodespachante.uy\/wp-content\/uploads\/2024\/10\/ESCANER.jpg","contentUrl":"https:\/\/palmerodespachante.uy\/wp-content\/uploads\/2024\/10\/ESCANER.jpg","width":1000,"height":665},{"@type":"BreadcrumbList","@id":"https:\/\/palmerodespachante.uy\/index.php\/2024\/10\/18\/impuesto-del-escaner-de-aduana\/#breadcrumb","itemListElement":[{"@type":"ListItem","position":1,"name":"Portada","item":"https:\/\/palmerodespachante.uy\/"},{"@type":"ListItem","position":2,"name":"IMPUESTO DEL ESCANER DE ADUANA"}]},{"@type":"WebSite","@id":"https:\/\/palmerodespachante.uy\/#website","url":"https:\/\/palmerodespachante.uy\/","name":"Palmero Despachante de Aduana","description":"Importaci\u00f3n, Exportaci\u00f3n, Tr\u00e1nsito","publisher":{"@id":"https:\/\/palmerodespachante.uy\/#organization"},"potentialAction":[{"@type":"SearchAction","target":{"@type":"EntryPoint","urlTemplate":"https:\/\/palmerodespachante.uy\/?s={search_term_string}"},"query-input":{"@type":"PropertyValueSpecification","valueRequired":true,"valueName":"search_term_string"}}],"inLanguage":"es"},{"@type":"Organization","@id":"https:\/\/palmerodespachante.uy\/#organization","name":"Palmero Despachante de Aduanas","url":"https:\/\/palmerodespachante.uy\/","logo":{"@type":"ImageObject","inLanguage":"es","@id":"https:\/\/palmerodespachante.uy\/#\/schema\/logo\/image\/","url":"https:\/\/palmerodespachante.uy\/wp-content\/uploads\/2018\/08\/Logo-144.png","contentUrl":"https:\/\/palmerodespachante.uy\/wp-content\/uploads\/2018\/08\/Logo-144.png","width":144,"height":144,"caption":"Palmero Despachante de Aduanas"},"image":{"@id":"https:\/\/palmerodespachante.uy\/#\/schema\/logo\/image\/"},"sameAs":["https:\/\/www.facebook.com\/despachantedeaduana.palmero?hc_ref=ARQPWzEmqFz3O_9qTlrxPP6NW-Vf1b4-iJdwH7XdkuWdfarefzfPyjY7DGBCye4mnJs","https:\/\/www.linkedin.com\/company\/despachante-de-aduana-palmero\/"]},{"@type":"Person","@id":"https:\/\/palmerodespachante.uy\/#\/schema\/person\/9eabdcdc87fc74d275cc2faf2ce2f732","name":"Javier Palmero","image":{"@type":"ImageObject","inLanguage":"es","@id":"https:\/\/palmerodespachante.uy\/wp-content\/litespeed\/avatar\/8e783966089c8fa82b27a6627fb956c2.jpg?ver=1777463218","url":"https:\/\/palmerodespachante.uy\/wp-content\/litespeed\/avatar\/8e783966089c8fa82b27a6627fb956c2.jpg?ver=1777463218","contentUrl":"https:\/\/palmerodespachante.uy\/wp-content\/litespeed\/avatar\/8e783966089c8fa82b27a6627fb956c2.jpg?ver=1777463218","caption":"Javier Palmero"}}]}},"jetpack_featured_media_url":"https:\/\/palmerodespachante.uy\/wp-content\/uploads\/2024\/10\/ESCANER.jpg","_links":{"self":[{"href":"https:\/\/palmerodespachante.uy\/index.php\/wp-json\/wp\/v2\/posts\/1308","targetHints":{"allow":["GET"]}}],"collection":[{"href":"https:\/\/palmerodespachante.uy\/index.php\/wp-json\/wp\/v2\/posts"}],"about":[{"href":"https:\/\/palmerodespachante.uy\/index.php\/wp-json\/wp\/v2\/types\/post"}],"author":[{"embeddable":true,"href":"https:\/\/palmerodespachante.uy\/index.php\/wp-json\/wp\/v2\/users\/3"}],"replies":[{"embeddable":true,"href":"https:\/\/palmerodespachante.uy\/index.php\/wp-json\/wp\/v2\/comments?post=1308"}],"version-history":[{"count":1,"href":"https:\/\/palmerodespachante.uy\/index.php\/wp-json\/wp\/v2\/posts\/1308\/revisions"}],"predecessor-version":[{"id":1310,"href":"https:\/\/palmerodespachante.uy\/index.php\/wp-json\/wp\/v2\/posts\/1308\/revisions\/1310"}],"wp:featuredmedia":[{"embeddable":true,"href":"https:\/\/palmerodespachante.uy\/index.php\/wp-json\/wp\/v2\/media\/1309"}],"wp:attachment":[{"href":"https:\/\/palmerodespachante.uy\/index.php\/wp-json\/wp\/v2\/media?parent=1308"}],"wp:term":[{"taxonomy":"category","embeddable":true,"href":"https:\/\/palmerodespachante.uy\/index.php\/wp-json\/wp\/v2\/categories?post=1308"},{"taxonomy":"post_tag","embeddable":true,"href":"https:\/\/palmerodespachante.uy\/index.php\/wp-json\/wp\/v2\/tags?post=1308"}],"curies":[{"name":"wp","href":"https:\/\/api.w.org\/{rel}","templated":true}]}}