{"id":1288,"date":"2024-09-27T14:25:46","date_gmt":"2024-09-27T17:25:46","guid":{"rendered":"https:\/\/palmerodespachante.uy\/?p=1288"},"modified":"2024-09-27T14:25:48","modified_gmt":"2024-09-27T17:25:48","slug":"la-posicion-de-bolivia-en-contra-de-flexibilizar-el-mercosur-cayo-como-un-balde-de-agua-fria-en-uruguay","status":"publish","type":"post","link":"https:\/\/palmerodespachante.uy\/index.php\/2024\/09\/27\/la-posicion-de-bolivia-en-contra-de-flexibilizar-el-mercosur-cayo-como-un-balde-de-agua-fria-en-uruguay\/","title":{"rendered":"LA POSICI\u00d3N DE BOLIVIA EN CONTRA DE FLEXIBILIZAR EL MERCOSUR CAY\u00d3 COMO UN \u00abBALDE DE AGUA FR\u00cdA\u00bb EN URUGUAY."},"content":{"rendered":"\n<p>Bolivia es miembro pleno del Mercosur desde su ratificaci\u00f3n del protocolo de adhesi\u00f3n al bloque presentado en la m\u00e1s reciente Cumbre de Jefes de Estados del bloque (Brasil, Argentina, Uruguay y Paraguay) y Estados Asociados, desarrollada en Asunci\u00f3n del Paraguay el pasado julio. Pero ya ha dado que hablar porque su canciller, Celinda Sosa, en su visita a Uruguay este mes manifest\u00f3 su opini\u00f3n en contra de una posible flexibilizaci\u00f3n al Mercosur, dado que considera que llevar\u00eda a la \u201cerosi\u00f3n\u201d de la integraci\u00f3n regional, lo que contrar\u00eda las posiciones de Uruguay y Argentina. \u201cUno de los objetivos de la incorporaci\u00f3n de Bolivia al Mercosur es la profundizaci\u00f3n del proceso de integraci\u00f3n regional. En ese sentido, cualquier propuesta de flexibilizaci\u00f3n conlleva la erosi\u00f3n sistem\u00e1tica de la integraci\u00f3n, por lo tanto, se contrapone a los intereses nacionales\u201d, afirm\u00f3 Sosa. Uruguay lleva a\u00f1os abonando el terreno para que el Mercosur se flexibilice y poder concretar acuerdos con pa\u00edses fuera del bloque. Por su parte, Argentina, con el nuevo gobierno de Javier Milei, present\u00f3 recientemente un proyecto que va en esa l\u00ednea, al cambiar las modalidades de negociaci\u00f3n del relacionamiento externo del bloque. Hasta ahora lo m\u00e1s dif\u00edcil ha sido que el gobierno de Brasil se convenza de esa propuesta, pero surge este nuevo inconveniente que, no por provenir de un pa\u00eds m\u00e1s peque\u00f1o como es Bolivia, deja de ser importante<strong>. (El Pa\u00eds \u2013 22\/09)<\/strong><\/p>\n\n\n\n<p>DESPACHANTE DE ADUANA PALMERO<\/p>\n","protected":false},"excerpt":{"rendered":"<p>Bolivia es miembro pleno del Mercosur desde su ratificaci\u00f3n del protocolo de adhesi\u00f3n al bloque presentado en la m\u00e1s reciente Cumbre de Jefes de Estados del bloque (Brasil, Argentina, Uruguay y Paraguay) y Estados Asociados, desarrollada en Asunci\u00f3n del Paraguay el pasado julio. Pero ya ha dado que hablar porque su canciller, Celinda Sosa, en [&hellip;]<\/p>\n","protected":false},"author":3,"featured_media":1289,"comment_status":"open","ping_status":"open","sticky":false,"template":"","format":"standard","meta":{"_joinchat":[],"footnotes":""},"categories":[37],"tags":[],"class_list":{"0":"post-1288","1":"post","2":"type-post","3":"status-publish","4":"format-standard","5":"has-post-thumbnail","7":"category-noticias"},"yoast_head":"<!-- This site is optimized with the Yoast SEO plugin v27.5 - https:\/\/yoast.com\/product\/yoast-seo-wordpress\/ -->\n<title>LA POSICI\u00d3N DE BOLIVIA EN CONTRA DE FLEXIBILIZAR EL MERCOSUR CAY\u00d3 COMO UN &quot;BALDE DE AGUA FR\u00cdA&quot; EN URUGUAY. - Palmero Despachante de Aduana<\/title>\n<meta name=\"robots\" content=\"noindex, follow\" \/>\n<meta property=\"og:locale\" content=\"es_ES\" \/>\n<meta property=\"og:type\" content=\"article\" \/>\n<meta property=\"og:title\" content=\"LA POSICI\u00d3N DE BOLIVIA EN CONTRA DE FLEXIBILIZAR EL MERCOSUR CAY\u00d3 COMO UN &quot;BALDE DE AGUA FR\u00cdA&quot; EN URUGUAY. - Palmero Despachante de Aduana\" \/>\n<meta property=\"og:description\" content=\"Bolivia es miembro pleno del Mercosur desde su ratificaci\u00f3n del protocolo de adhesi\u00f3n al bloque presentado en la m\u00e1s reciente Cumbre de Jefes de Estados del bloque (Brasil, Argentina, Uruguay y Paraguay) y Estados Asociados, desarrollada en Asunci\u00f3n del Paraguay el pasado julio. Pero ya ha dado que hablar porque su canciller, Celinda Sosa, en [&hellip;]\" \/>\n<meta property=\"og:url\" content=\"https:\/\/palmerodespachante.uy\/index.php\/2024\/09\/27\/la-posicion-de-bolivia-en-contra-de-flexibilizar-el-mercosur-cayo-como-un-balde-de-agua-fria-en-uruguay\/\" \/>\n<meta property=\"og:site_name\" content=\"Palmero Despachante de Aduana\" \/>\n<meta property=\"article:publisher\" content=\"https:\/\/www.facebook.com\/despachantedeaduana.palmero?hc_ref=ARQPWzEmqFz3O_9qTlrxPP6NW-Vf1b4-iJdwH7XdkuWdfarefzfPyjY7DGBCye4mnJs\" \/>\n<meta property=\"article:published_time\" content=\"2024-09-27T17:25:46+00:00\" \/>\n<meta property=\"article:modified_time\" content=\"2024-09-27T17:25:48+00:00\" \/>\n<meta property=\"og:image\" content=\"http:\/\/palmerodespachante.uy\/wp-content\/uploads\/2024\/09\/BOLIVIA.jpg\" \/>\n\t<meta property=\"og:image:width\" content=\"1440\" \/>\n\t<meta property=\"og:image:height\" content=\"990\" \/>\n\t<meta property=\"og:image:type\" content=\"image\/jpeg\" \/>\n<meta name=\"author\" content=\"Javier Palmero\" \/>\n<meta name=\"twitter:card\" content=\"summary_large_image\" \/>\n<meta name=\"twitter:label1\" content=\"Escrito por\" \/>\n\t<meta name=\"twitter:data1\" content=\"Javier Palmero\" \/>\n\t<meta name=\"twitter:label2\" content=\"Tiempo de lectura\" \/>\n\t<meta name=\"twitter:data2\" content=\"2 minutos\" \/>\n<script type=\"application\/ld+json\" class=\"yoast-schema-graph\">{\"@context\":\"https:\\\/\\\/schema.org\",\"@graph\":[{\"@type\":\"Article\",\"@id\":\"https:\\\/\\\/palmerodespachante.uy\\\/index.php\\\/2024\\\/09\\\/27\\\/la-posicion-de-bolivia-en-contra-de-flexibilizar-el-mercosur-cayo-como-un-balde-de-agua-fria-en-uruguay\\\/#article\",\"isPartOf\":{\"@id\":\"https:\\\/\\\/palmerodespachante.uy\\\/index.php\\\/2024\\\/09\\\/27\\\/la-posicion-de-bolivia-en-contra-de-flexibilizar-el-mercosur-cayo-como-un-balde-de-agua-fria-en-uruguay\\\/\"},\"author\":{\"name\":\"Javier Palmero\",\"@id\":\"https:\\\/\\\/palmerodespachante.uy\\\/#\\\/schema\\\/person\\\/9eabdcdc87fc74d275cc2faf2ce2f732\"},\"headline\":\"LA POSICI\u00d3N DE BOLIVIA EN CONTRA DE FLEXIBILIZAR EL MERCOSUR CAY\u00d3 COMO UN \u00abBALDE DE AGUA FR\u00cdA\u00bb EN URUGUAY.\",\"datePublished\":\"2024-09-27T17:25:46+00:00\",\"dateModified\":\"2024-09-27T17:25:48+00:00\",\"mainEntityOfPage\":{\"@id\":\"https:\\\/\\\/palmerodespachante.uy\\\/index.php\\\/2024\\\/09\\\/27\\\/la-posicion-de-bolivia-en-contra-de-flexibilizar-el-mercosur-cayo-como-un-balde-de-agua-fria-en-uruguay\\\/\"},\"wordCount\":281,\"commentCount\":0,\"publisher\":{\"@id\":\"https:\\\/\\\/palmerodespachante.uy\\\/#organization\"},\"image\":{\"@id\":\"https:\\\/\\\/palmerodespachante.uy\\\/index.php\\\/2024\\\/09\\\/27\\\/la-posicion-de-bolivia-en-contra-de-flexibilizar-el-mercosur-cayo-como-un-balde-de-agua-fria-en-uruguay\\\/#primaryimage\"},\"thumbnailUrl\":\"https:\\\/\\\/palmerodespachante.uy\\\/wp-content\\\/uploads\\\/2024\\\/09\\\/BOLIVIA.jpg\",\"articleSection\":[\"Noticias\"],\"inLanguage\":\"es\",\"potentialAction\":[{\"@type\":\"CommentAction\",\"name\":\"Comment\",\"target\":[\"https:\\\/\\\/palmerodespachante.uy\\\/index.php\\\/2024\\\/09\\\/27\\\/la-posicion-de-bolivia-en-contra-de-flexibilizar-el-mercosur-cayo-como-un-balde-de-agua-fria-en-uruguay\\\/#respond\"]}]},{\"@type\":\"WebPage\",\"@id\":\"https:\\\/\\\/palmerodespachante.uy\\\/index.php\\\/2024\\\/09\\\/27\\\/la-posicion-de-bolivia-en-contra-de-flexibilizar-el-mercosur-cayo-como-un-balde-de-agua-fria-en-uruguay\\\/\",\"url\":\"https:\\\/\\\/palmerodespachante.uy\\\/index.php\\\/2024\\\/09\\\/27\\\/la-posicion-de-bolivia-en-contra-de-flexibilizar-el-mercosur-cayo-como-un-balde-de-agua-fria-en-uruguay\\\/\",\"name\":\"LA POSICI\u00d3N DE BOLIVIA EN CONTRA DE FLEXIBILIZAR EL MERCOSUR CAY\u00d3 COMO UN \\\"BALDE DE AGUA FR\u00cdA\\\" EN URUGUAY. - Palmero Despachante de Aduana\",\"isPartOf\":{\"@id\":\"https:\\\/\\\/palmerodespachante.uy\\\/#website\"},\"primaryImageOfPage\":{\"@id\":\"https:\\\/\\\/palmerodespachante.uy\\\/index.php\\\/2024\\\/09\\\/27\\\/la-posicion-de-bolivia-en-contra-de-flexibilizar-el-mercosur-cayo-como-un-balde-de-agua-fria-en-uruguay\\\/#primaryimage\"},\"image\":{\"@id\":\"https:\\\/\\\/palmerodespachante.uy\\\/index.php\\\/2024\\\/09\\\/27\\\/la-posicion-de-bolivia-en-contra-de-flexibilizar-el-mercosur-cayo-como-un-balde-de-agua-fria-en-uruguay\\\/#primaryimage\"},\"thumbnailUrl\":\"https:\\\/\\\/palmerodespachante.uy\\\/wp-content\\\/uploads\\\/2024\\\/09\\\/BOLIVIA.jpg\",\"datePublished\":\"2024-09-27T17:25:46+00:00\",\"dateModified\":\"2024-09-27T17:25:48+00:00\",\"breadcrumb\":{\"@id\":\"https:\\\/\\\/palmerodespachante.uy\\\/index.php\\\/2024\\\/09\\\/27\\\/la-posicion-de-bolivia-en-contra-de-flexibilizar-el-mercosur-cayo-como-un-balde-de-agua-fria-en-uruguay\\\/#breadcrumb\"},\"inLanguage\":\"es\",\"potentialAction\":[{\"@type\":\"ReadAction\",\"target\":[\"https:\\\/\\\/palmerodespachante.uy\\\/index.php\\\/2024\\\/09\\\/27\\\/la-posicion-de-bolivia-en-contra-de-flexibilizar-el-mercosur-cayo-como-un-balde-de-agua-fria-en-uruguay\\\/\"]}]},{\"@type\":\"ImageObject\",\"inLanguage\":\"es\",\"@id\":\"https:\\\/\\\/palmerodespachante.uy\\\/index.php\\\/2024\\\/09\\\/27\\\/la-posicion-de-bolivia-en-contra-de-flexibilizar-el-mercosur-cayo-como-un-balde-de-agua-fria-en-uruguay\\\/#primaryimage\",\"url\":\"https:\\\/\\\/palmerodespachante.uy\\\/wp-content\\\/uploads\\\/2024\\\/09\\\/BOLIVIA.jpg\",\"contentUrl\":\"https:\\\/\\\/palmerodespachante.uy\\\/wp-content\\\/uploads\\\/2024\\\/09\\\/BOLIVIA.jpg\",\"width\":1440,\"height\":990},{\"@type\":\"BreadcrumbList\",\"@id\":\"https:\\\/\\\/palmerodespachante.uy\\\/index.php\\\/2024\\\/09\\\/27\\\/la-posicion-de-bolivia-en-contra-de-flexibilizar-el-mercosur-cayo-como-un-balde-de-agua-fria-en-uruguay\\\/#breadcrumb\",\"itemListElement\":[{\"@type\":\"ListItem\",\"position\":1,\"name\":\"Portada\",\"item\":\"https:\\\/\\\/palmerodespachante.uy\\\/\"},{\"@type\":\"ListItem\",\"position\":2,\"name\":\"LA POSICI\u00d3N DE BOLIVIA EN CONTRA DE FLEXIBILIZAR EL MERCOSUR CAY\u00d3 COMO UN \u00abBALDE DE AGUA FR\u00cdA\u00bb EN URUGUAY.\"}]},{\"@type\":\"WebSite\",\"@id\":\"https:\\\/\\\/palmerodespachante.uy\\\/#website\",\"url\":\"https:\\\/\\\/palmerodespachante.uy\\\/\",\"name\":\"Palmero Despachante de Aduana\",\"description\":\"Importaci\u00f3n, Exportaci\u00f3n, Tr\u00e1nsito\",\"publisher\":{\"@id\":\"https:\\\/\\\/palmerodespachante.uy\\\/#organization\"},\"potentialAction\":[{\"@type\":\"SearchAction\",\"target\":{\"@type\":\"EntryPoint\",\"urlTemplate\":\"https:\\\/\\\/palmerodespachante.uy\\\/?s={search_term_string}\"},\"query-input\":{\"@type\":\"PropertyValueSpecification\",\"valueRequired\":true,\"valueName\":\"search_term_string\"}}],\"inLanguage\":\"es\"},{\"@type\":\"Organization\",\"@id\":\"https:\\\/\\\/palmerodespachante.uy\\\/#organization\",\"name\":\"Palmero Despachante de Aduanas\",\"url\":\"https:\\\/\\\/palmerodespachante.uy\\\/\",\"logo\":{\"@type\":\"ImageObject\",\"inLanguage\":\"es\",\"@id\":\"https:\\\/\\\/palmerodespachante.uy\\\/#\\\/schema\\\/logo\\\/image\\\/\",\"url\":\"https:\\\/\\\/palmerodespachante.uy\\\/wp-content\\\/uploads\\\/2018\\\/08\\\/Logo-144.png\",\"contentUrl\":\"https:\\\/\\\/palmerodespachante.uy\\\/wp-content\\\/uploads\\\/2018\\\/08\\\/Logo-144.png\",\"width\":144,\"height\":144,\"caption\":\"Palmero Despachante de Aduanas\"},\"image\":{\"@id\":\"https:\\\/\\\/palmerodespachante.uy\\\/#\\\/schema\\\/logo\\\/image\\\/\"},\"sameAs\":[\"https:\\\/\\\/www.facebook.com\\\/despachantedeaduana.palmero?hc_ref=ARQPWzEmqFz3O_9qTlrxPP6NW-Vf1b4-iJdwH7XdkuWdfarefzfPyjY7DGBCye4mnJs\",\"https:\\\/\\\/www.linkedin.com\\\/company\\\/despachante-de-aduana-palmero\\\/\"]},{\"@type\":\"Person\",\"@id\":\"https:\\\/\\\/palmerodespachante.uy\\\/#\\\/schema\\\/person\\\/9eabdcdc87fc74d275cc2faf2ce2f732\",\"name\":\"Javier Palmero\",\"image\":{\"@type\":\"ImageObject\",\"inLanguage\":\"es\",\"@id\":\"https:\\\/\\\/palmerodespachante.uy\\\/wp-content\\\/litespeed\\\/avatar\\\/8e783966089c8fa82b27a6627fb956c2.jpg?ver=1777463218\",\"url\":\"https:\\\/\\\/palmerodespachante.uy\\\/wp-content\\\/litespeed\\\/avatar\\\/8e783966089c8fa82b27a6627fb956c2.jpg?ver=1777463218\",\"contentUrl\":\"https:\\\/\\\/palmerodespachante.uy\\\/wp-content\\\/litespeed\\\/avatar\\\/8e783966089c8fa82b27a6627fb956c2.jpg?ver=1777463218\",\"caption\":\"Javier Palmero\"}}]}<\/script>\n<!-- \/ Yoast SEO plugin. -->","yoast_head_json":{"title":"LA POSICI\u00d3N DE BOLIVIA EN CONTRA DE FLEXIBILIZAR EL MERCOSUR CAY\u00d3 COMO UN \"BALDE DE AGUA FR\u00cdA\" EN URUGUAY. - Palmero Despachante de Aduana","robots":{"index":"noindex","follow":"follow"},"og_locale":"es_ES","og_type":"article","og_title":"LA POSICI\u00d3N DE BOLIVIA EN CONTRA DE FLEXIBILIZAR EL MERCOSUR CAY\u00d3 COMO UN \"BALDE DE AGUA FR\u00cdA\" EN URUGUAY. - Palmero Despachante de Aduana","og_description":"Bolivia es miembro pleno del Mercosur desde su ratificaci\u00f3n del protocolo de adhesi\u00f3n al bloque presentado en la m\u00e1s reciente Cumbre de Jefes de Estados del bloque (Brasil, Argentina, Uruguay y Paraguay) y Estados Asociados, desarrollada en Asunci\u00f3n del Paraguay el pasado julio. Pero ya ha dado que hablar porque su canciller, Celinda Sosa, en [&hellip;]","og_url":"https:\/\/palmerodespachante.uy\/index.php\/2024\/09\/27\/la-posicion-de-bolivia-en-contra-de-flexibilizar-el-mercosur-cayo-como-un-balde-de-agua-fria-en-uruguay\/","og_site_name":"Palmero Despachante de Aduana","article_publisher":"https:\/\/www.facebook.com\/despachantedeaduana.palmero?hc_ref=ARQPWzEmqFz3O_9qTlrxPP6NW-Vf1b4-iJdwH7XdkuWdfarefzfPyjY7DGBCye4mnJs","article_published_time":"2024-09-27T17:25:46+00:00","article_modified_time":"2024-09-27T17:25:48+00:00","og_image":[{"width":1440,"height":990,"url":"http:\/\/palmerodespachante.uy\/wp-content\/uploads\/2024\/09\/BOLIVIA.jpg","type":"image\/jpeg"}],"author":"Javier Palmero","twitter_card":"summary_large_image","twitter_misc":{"Escrito por":"Javier Palmero","Tiempo de lectura":"2 minutos"},"schema":{"@context":"https:\/\/schema.org","@graph":[{"@type":"Article","@id":"https:\/\/palmerodespachante.uy\/index.php\/2024\/09\/27\/la-posicion-de-bolivia-en-contra-de-flexibilizar-el-mercosur-cayo-como-un-balde-de-agua-fria-en-uruguay\/#article","isPartOf":{"@id":"https:\/\/palmerodespachante.uy\/index.php\/2024\/09\/27\/la-posicion-de-bolivia-en-contra-de-flexibilizar-el-mercosur-cayo-como-un-balde-de-agua-fria-en-uruguay\/"},"author":{"name":"Javier Palmero","@id":"https:\/\/palmerodespachante.uy\/#\/schema\/person\/9eabdcdc87fc74d275cc2faf2ce2f732"},"headline":"LA POSICI\u00d3N DE BOLIVIA EN CONTRA DE FLEXIBILIZAR EL MERCOSUR CAY\u00d3 COMO UN \u00abBALDE DE AGUA FR\u00cdA\u00bb EN URUGUAY.","datePublished":"2024-09-27T17:25:46+00:00","dateModified":"2024-09-27T17:25:48+00:00","mainEntityOfPage":{"@id":"https:\/\/palmerodespachante.uy\/index.php\/2024\/09\/27\/la-posicion-de-bolivia-en-contra-de-flexibilizar-el-mercosur-cayo-como-un-balde-de-agua-fria-en-uruguay\/"},"wordCount":281,"commentCount":0,"publisher":{"@id":"https:\/\/palmerodespachante.uy\/#organization"},"image":{"@id":"https:\/\/palmerodespachante.uy\/index.php\/2024\/09\/27\/la-posicion-de-bolivia-en-contra-de-flexibilizar-el-mercosur-cayo-como-un-balde-de-agua-fria-en-uruguay\/#primaryimage"},"thumbnailUrl":"https:\/\/palmerodespachante.uy\/wp-content\/uploads\/2024\/09\/BOLIVIA.jpg","articleSection":["Noticias"],"inLanguage":"es","potentialAction":[{"@type":"CommentAction","name":"Comment","target":["https:\/\/palmerodespachante.uy\/index.php\/2024\/09\/27\/la-posicion-de-bolivia-en-contra-de-flexibilizar-el-mercosur-cayo-como-un-balde-de-agua-fria-en-uruguay\/#respond"]}]},{"@type":"WebPage","@id":"https:\/\/palmerodespachante.uy\/index.php\/2024\/09\/27\/la-posicion-de-bolivia-en-contra-de-flexibilizar-el-mercosur-cayo-como-un-balde-de-agua-fria-en-uruguay\/","url":"https:\/\/palmerodespachante.uy\/index.php\/2024\/09\/27\/la-posicion-de-bolivia-en-contra-de-flexibilizar-el-mercosur-cayo-como-un-balde-de-agua-fria-en-uruguay\/","name":"LA POSICI\u00d3N DE BOLIVIA EN CONTRA DE FLEXIBILIZAR EL MERCOSUR CAY\u00d3 COMO UN \"BALDE DE AGUA FR\u00cdA\" EN URUGUAY. - Palmero Despachante de Aduana","isPartOf":{"@id":"https:\/\/palmerodespachante.uy\/#website"},"primaryImageOfPage":{"@id":"https:\/\/palmerodespachante.uy\/index.php\/2024\/09\/27\/la-posicion-de-bolivia-en-contra-de-flexibilizar-el-mercosur-cayo-como-un-balde-de-agua-fria-en-uruguay\/#primaryimage"},"image":{"@id":"https:\/\/palmerodespachante.uy\/index.php\/2024\/09\/27\/la-posicion-de-bolivia-en-contra-de-flexibilizar-el-mercosur-cayo-como-un-balde-de-agua-fria-en-uruguay\/#primaryimage"},"thumbnailUrl":"https:\/\/palmerodespachante.uy\/wp-content\/uploads\/2024\/09\/BOLIVIA.jpg","datePublished":"2024-09-27T17:25:46+00:00","dateModified":"2024-09-27T17:25:48+00:00","breadcrumb":{"@id":"https:\/\/palmerodespachante.uy\/index.php\/2024\/09\/27\/la-posicion-de-bolivia-en-contra-de-flexibilizar-el-mercosur-cayo-como-un-balde-de-agua-fria-en-uruguay\/#breadcrumb"},"inLanguage":"es","potentialAction":[{"@type":"ReadAction","target":["https:\/\/palmerodespachante.uy\/index.php\/2024\/09\/27\/la-posicion-de-bolivia-en-contra-de-flexibilizar-el-mercosur-cayo-como-un-balde-de-agua-fria-en-uruguay\/"]}]},{"@type":"ImageObject","inLanguage":"es","@id":"https:\/\/palmerodespachante.uy\/index.php\/2024\/09\/27\/la-posicion-de-bolivia-en-contra-de-flexibilizar-el-mercosur-cayo-como-un-balde-de-agua-fria-en-uruguay\/#primaryimage","url":"https:\/\/palmerodespachante.uy\/wp-content\/uploads\/2024\/09\/BOLIVIA.jpg","contentUrl":"https:\/\/palmerodespachante.uy\/wp-content\/uploads\/2024\/09\/BOLIVIA.jpg","width":1440,"height":990},{"@type":"BreadcrumbList","@id":"https:\/\/palmerodespachante.uy\/index.php\/2024\/09\/27\/la-posicion-de-bolivia-en-contra-de-flexibilizar-el-mercosur-cayo-como-un-balde-de-agua-fria-en-uruguay\/#breadcrumb","itemListElement":[{"@type":"ListItem","position":1,"name":"Portada","item":"https:\/\/palmerodespachante.uy\/"},{"@type":"ListItem","position":2,"name":"LA POSICI\u00d3N DE BOLIVIA EN CONTRA DE FLEXIBILIZAR EL MERCOSUR CAY\u00d3 COMO UN \u00abBALDE DE AGUA FR\u00cdA\u00bb EN URUGUAY."}]},{"@type":"WebSite","@id":"https:\/\/palmerodespachante.uy\/#website","url":"https:\/\/palmerodespachante.uy\/","name":"Palmero Despachante de Aduana","description":"Importaci\u00f3n, Exportaci\u00f3n, Tr\u00e1nsito","publisher":{"@id":"https:\/\/palmerodespachante.uy\/#organization"},"potentialAction":[{"@type":"SearchAction","target":{"@type":"EntryPoint","urlTemplate":"https:\/\/palmerodespachante.uy\/?s={search_term_string}"},"query-input":{"@type":"PropertyValueSpecification","valueRequired":true,"valueName":"search_term_string"}}],"inLanguage":"es"},{"@type":"Organization","@id":"https:\/\/palmerodespachante.uy\/#organization","name":"Palmero Despachante de Aduanas","url":"https:\/\/palmerodespachante.uy\/","logo":{"@type":"ImageObject","inLanguage":"es","@id":"https:\/\/palmerodespachante.uy\/#\/schema\/logo\/image\/","url":"https:\/\/palmerodespachante.uy\/wp-content\/uploads\/2018\/08\/Logo-144.png","contentUrl":"https:\/\/palmerodespachante.uy\/wp-content\/uploads\/2018\/08\/Logo-144.png","width":144,"height":144,"caption":"Palmero Despachante de Aduanas"},"image":{"@id":"https:\/\/palmerodespachante.uy\/#\/schema\/logo\/image\/"},"sameAs":["https:\/\/www.facebook.com\/despachantedeaduana.palmero?hc_ref=ARQPWzEmqFz3O_9qTlrxPP6NW-Vf1b4-iJdwH7XdkuWdfarefzfPyjY7DGBCye4mnJs","https:\/\/www.linkedin.com\/company\/despachante-de-aduana-palmero\/"]},{"@type":"Person","@id":"https:\/\/palmerodespachante.uy\/#\/schema\/person\/9eabdcdc87fc74d275cc2faf2ce2f732","name":"Javier Palmero","image":{"@type":"ImageObject","inLanguage":"es","@id":"https:\/\/palmerodespachante.uy\/wp-content\/litespeed\/avatar\/8e783966089c8fa82b27a6627fb956c2.jpg?ver=1777463218","url":"https:\/\/palmerodespachante.uy\/wp-content\/litespeed\/avatar\/8e783966089c8fa82b27a6627fb956c2.jpg?ver=1777463218","contentUrl":"https:\/\/palmerodespachante.uy\/wp-content\/litespeed\/avatar\/8e783966089c8fa82b27a6627fb956c2.jpg?ver=1777463218","caption":"Javier Palmero"}}]}},"jetpack_featured_media_url":"https:\/\/palmerodespachante.uy\/wp-content\/uploads\/2024\/09\/BOLIVIA.jpg","_links":{"self":[{"href":"https:\/\/palmerodespachante.uy\/index.php\/wp-json\/wp\/v2\/posts\/1288","targetHints":{"allow":["GET"]}}],"collection":[{"href":"https:\/\/palmerodespachante.uy\/index.php\/wp-json\/wp\/v2\/posts"}],"about":[{"href":"https:\/\/palmerodespachante.uy\/index.php\/wp-json\/wp\/v2\/types\/post"}],"author":[{"embeddable":true,"href":"https:\/\/palmerodespachante.uy\/index.php\/wp-json\/wp\/v2\/users\/3"}],"replies":[{"embeddable":true,"href":"https:\/\/palmerodespachante.uy\/index.php\/wp-json\/wp\/v2\/comments?post=1288"}],"version-history":[{"count":1,"href":"https:\/\/palmerodespachante.uy\/index.php\/wp-json\/wp\/v2\/posts\/1288\/revisions"}],"predecessor-version":[{"id":1290,"href":"https:\/\/palmerodespachante.uy\/index.php\/wp-json\/wp\/v2\/posts\/1288\/revisions\/1290"}],"wp:featuredmedia":[{"embeddable":true,"href":"https:\/\/palmerodespachante.uy\/index.php\/wp-json\/wp\/v2\/media\/1289"}],"wp:attachment":[{"href":"https:\/\/palmerodespachante.uy\/index.php\/wp-json\/wp\/v2\/media?parent=1288"}],"wp:term":[{"taxonomy":"category","embeddable":true,"href":"https:\/\/palmerodespachante.uy\/index.php\/wp-json\/wp\/v2\/categories?post=1288"},{"taxonomy":"post_tag","embeddable":true,"href":"https:\/\/palmerodespachante.uy\/index.php\/wp-json\/wp\/v2\/tags?post=1288"}],"curies":[{"name":"wp","href":"https:\/\/api.w.org\/{rel}","templated":true}]}}