{"id":1286,"date":"2024-09-26T15:41:57","date_gmt":"2024-09-26T18:41:57","guid":{"rendered":"https:\/\/palmerodespachante.uy\/?p=1286"},"modified":"2024-09-26T15:41:59","modified_gmt":"2024-09-26T18:41:59","slug":"el-puerto-de-montevideo-incremento-un-50-el-movimiento-de-contenedores-con-respecto-a-2019","status":"publish","type":"post","link":"https:\/\/palmerodespachante.uy\/index.php\/2024\/09\/26\/el-puerto-de-montevideo-incremento-un-50-el-movimiento-de-contenedores-con-respecto-a-2019\/","title":{"rendered":"EL PUERTO DE MONTEVIDEO INCREMENT\u00d3 UN 50% EL MOVIMIENTO DE CONTENEDORES CON RESPECTO A 2019."},"content":{"rendered":"\n<p>El Puerto de Montevideo se consolida como un hub log\u00edstico y entre enero y agosto de este a\u00f1o increment\u00f3 un 50% el movimiento de contenedores con respecto a igual per\u00edodo de 2019, durante la prepandemia.<\/p>\n\n\n\n<p> El Puerto de Montevideo moviliz\u00f3 una carga r\u00e9cord durante 2023 y ratifica as\u00ed su crecimiento en los \u00faltimos tiempos, pero eso no evit\u00f3 que aparezca entre los 25 peores del mundo, seg\u00fan el ranking global del Banco Mundial. El \u00cdndice de Desempe\u00f1o de los Puertos de Contenedores (CPPI) ubic\u00f3 a la principal terminal uruguaya en el puesto 384 de 405, seg\u00fan el informe que tiene en cuenta la eficacia, el costo y la utilizaci\u00f3n del espacio.<\/p>\n\n\n\n<p> El relevamiento indic\u00f3 que un el rendimiento \u00f3ptimo abarca factores como la eficiencia del puerto, el calado necesario, el muelle y la facilidad de atraque, as\u00ed como la efectividad de los procedimientos utilizados por las agencias p\u00fablicas para el despacho de contenedores. En estos \u00edtems, Uruguay avanz\u00f3, tanto en un plan importante para mejorar la infraestructura, as\u00ed como en el dragado a 14 metros y la instalaci\u00f3n de tres esc\u00e1neres para una mejor vigilancia de la carga. <strong>(\u00c1mbito Financiero \u2013 22\/09)<\/strong><\/p>\n\n\n\n<p>DESPACHANTE DE ADUANA PALMERO<\/p>\n\n\n\n<p><\/p>\n","protected":false},"excerpt":{"rendered":"<p>El Puerto de Montevideo se consolida como un hub log\u00edstico y entre enero y agosto de este a\u00f1o increment\u00f3 un 50% el movimiento de contenedores con respecto a igual per\u00edodo de 2019, durante la prepandemia. El Puerto de Montevideo moviliz\u00f3 una carga r\u00e9cord durante 2023 y ratifica as\u00ed su crecimiento en los \u00faltimos tiempos, pero [&hellip;]<\/p>\n","protected":false},"author":3,"featured_media":0,"comment_status":"open","ping_status":"open","sticky":false,"template":"","format":"standard","meta":{"_joinchat":[],"footnotes":""},"categories":[37],"tags":[],"class_list":{"0":"post-1286","1":"post","2":"type-post","3":"status-publish","4":"format-standard","6":"category-noticias"},"yoast_head":"<!-- This site is optimized with the Yoast SEO plugin v27.5 - https:\/\/yoast.com\/product\/yoast-seo-wordpress\/ -->\n<title>EL PUERTO DE MONTEVIDEO INCREMENT\u00d3 UN 50% EL MOVIMIENTO DE CONTENEDORES CON RESPECTO A 2019. - Palmero Despachante de Aduana<\/title>\n<meta name=\"robots\" content=\"noindex, follow\" \/>\n<meta property=\"og:locale\" content=\"es_ES\" \/>\n<meta property=\"og:type\" content=\"article\" \/>\n<meta property=\"og:title\" content=\"EL PUERTO DE MONTEVIDEO INCREMENT\u00d3 UN 50% EL MOVIMIENTO DE CONTENEDORES CON RESPECTO A 2019. - Palmero Despachante de Aduana\" \/>\n<meta property=\"og:description\" content=\"El Puerto de Montevideo se consolida como un hub log\u00edstico y entre enero y agosto de este a\u00f1o increment\u00f3 un 50% el movimiento de contenedores con respecto a igual per\u00edodo de 2019, durante la prepandemia. El Puerto de Montevideo moviliz\u00f3 una carga r\u00e9cord durante 2023 y ratifica as\u00ed su crecimiento en los \u00faltimos tiempos, pero [&hellip;]\" \/>\n<meta property=\"og:url\" content=\"https:\/\/palmerodespachante.uy\/index.php\/2024\/09\/26\/el-puerto-de-montevideo-incremento-un-50-el-movimiento-de-contenedores-con-respecto-a-2019\/\" \/>\n<meta property=\"og:site_name\" content=\"Palmero Despachante de Aduana\" \/>\n<meta property=\"article:publisher\" content=\"https:\/\/www.facebook.com\/despachantedeaduana.palmero?hc_ref=ARQPWzEmqFz3O_9qTlrxPP6NW-Vf1b4-iJdwH7XdkuWdfarefzfPyjY7DGBCye4mnJs\" \/>\n<meta property=\"article:published_time\" content=\"2024-09-26T18:41:57+00:00\" \/>\n<meta property=\"article:modified_time\" content=\"2024-09-26T18:41:59+00:00\" \/>\n<meta name=\"author\" content=\"Javier Palmero\" \/>\n<meta name=\"twitter:card\" content=\"summary_large_image\" \/>\n<meta name=\"twitter:label1\" content=\"Escrito por\" \/>\n\t<meta name=\"twitter:data1\" content=\"Javier Palmero\" \/>\n\t<meta name=\"twitter:label2\" content=\"Tiempo de lectura\" \/>\n\t<meta name=\"twitter:data2\" content=\"1 minuto\" \/>\n<script type=\"application\/ld+json\" class=\"yoast-schema-graph\">{\"@context\":\"https:\\\/\\\/schema.org\",\"@graph\":[{\"@type\":\"Article\",\"@id\":\"https:\\\/\\\/palmerodespachante.uy\\\/index.php\\\/2024\\\/09\\\/26\\\/el-puerto-de-montevideo-incremento-un-50-el-movimiento-de-contenedores-con-respecto-a-2019\\\/#article\",\"isPartOf\":{\"@id\":\"https:\\\/\\\/palmerodespachante.uy\\\/index.php\\\/2024\\\/09\\\/26\\\/el-puerto-de-montevideo-incremento-un-50-el-movimiento-de-contenedores-con-respecto-a-2019\\\/\"},\"author\":{\"name\":\"Javier Palmero\",\"@id\":\"https:\\\/\\\/palmerodespachante.uy\\\/#\\\/schema\\\/person\\\/9eabdcdc87fc74d275cc2faf2ce2f732\"},\"headline\":\"EL PUERTO DE MONTEVIDEO INCREMENT\u00d3 UN 50% EL MOVIMIENTO DE CONTENEDORES CON RESPECTO A 2019.\",\"datePublished\":\"2024-09-26T18:41:57+00:00\",\"dateModified\":\"2024-09-26T18:41:59+00:00\",\"mainEntityOfPage\":{\"@id\":\"https:\\\/\\\/palmerodespachante.uy\\\/index.php\\\/2024\\\/09\\\/26\\\/el-puerto-de-montevideo-incremento-un-50-el-movimiento-de-contenedores-con-respecto-a-2019\\\/\"},\"wordCount\":211,\"commentCount\":0,\"publisher\":{\"@id\":\"https:\\\/\\\/palmerodespachante.uy\\\/#organization\"},\"articleSection\":[\"Noticias\"],\"inLanguage\":\"es\",\"potentialAction\":[{\"@type\":\"CommentAction\",\"name\":\"Comment\",\"target\":[\"https:\\\/\\\/palmerodespachante.uy\\\/index.php\\\/2024\\\/09\\\/26\\\/el-puerto-de-montevideo-incremento-un-50-el-movimiento-de-contenedores-con-respecto-a-2019\\\/#respond\"]}]},{\"@type\":\"WebPage\",\"@id\":\"https:\\\/\\\/palmerodespachante.uy\\\/index.php\\\/2024\\\/09\\\/26\\\/el-puerto-de-montevideo-incremento-un-50-el-movimiento-de-contenedores-con-respecto-a-2019\\\/\",\"url\":\"https:\\\/\\\/palmerodespachante.uy\\\/index.php\\\/2024\\\/09\\\/26\\\/el-puerto-de-montevideo-incremento-un-50-el-movimiento-de-contenedores-con-respecto-a-2019\\\/\",\"name\":\"EL PUERTO DE MONTEVIDEO INCREMENT\u00d3 UN 50% EL MOVIMIENTO DE CONTENEDORES CON RESPECTO A 2019. - Palmero Despachante de Aduana\",\"isPartOf\":{\"@id\":\"https:\\\/\\\/palmerodespachante.uy\\\/#website\"},\"datePublished\":\"2024-09-26T18:41:57+00:00\",\"dateModified\":\"2024-09-26T18:41:59+00:00\",\"breadcrumb\":{\"@id\":\"https:\\\/\\\/palmerodespachante.uy\\\/index.php\\\/2024\\\/09\\\/26\\\/el-puerto-de-montevideo-incremento-un-50-el-movimiento-de-contenedores-con-respecto-a-2019\\\/#breadcrumb\"},\"inLanguage\":\"es\",\"potentialAction\":[{\"@type\":\"ReadAction\",\"target\":[\"https:\\\/\\\/palmerodespachante.uy\\\/index.php\\\/2024\\\/09\\\/26\\\/el-puerto-de-montevideo-incremento-un-50-el-movimiento-de-contenedores-con-respecto-a-2019\\\/\"]}]},{\"@type\":\"BreadcrumbList\",\"@id\":\"https:\\\/\\\/palmerodespachante.uy\\\/index.php\\\/2024\\\/09\\\/26\\\/el-puerto-de-montevideo-incremento-un-50-el-movimiento-de-contenedores-con-respecto-a-2019\\\/#breadcrumb\",\"itemListElement\":[{\"@type\":\"ListItem\",\"position\":1,\"name\":\"Portada\",\"item\":\"https:\\\/\\\/palmerodespachante.uy\\\/\"},{\"@type\":\"ListItem\",\"position\":2,\"name\":\"EL PUERTO DE MONTEVIDEO INCREMENT\u00d3 UN 50% EL MOVIMIENTO DE CONTENEDORES CON RESPECTO A 2019.\"}]},{\"@type\":\"WebSite\",\"@id\":\"https:\\\/\\\/palmerodespachante.uy\\\/#website\",\"url\":\"https:\\\/\\\/palmerodespachante.uy\\\/\",\"name\":\"Palmero Despachante de Aduana\",\"description\":\"Importaci\u00f3n, Exportaci\u00f3n, Tr\u00e1nsito\",\"publisher\":{\"@id\":\"https:\\\/\\\/palmerodespachante.uy\\\/#organization\"},\"potentialAction\":[{\"@type\":\"SearchAction\",\"target\":{\"@type\":\"EntryPoint\",\"urlTemplate\":\"https:\\\/\\\/palmerodespachante.uy\\\/?s={search_term_string}\"},\"query-input\":{\"@type\":\"PropertyValueSpecification\",\"valueRequired\":true,\"valueName\":\"search_term_string\"}}],\"inLanguage\":\"es\"},{\"@type\":\"Organization\",\"@id\":\"https:\\\/\\\/palmerodespachante.uy\\\/#organization\",\"name\":\"Palmero Despachante de Aduanas\",\"url\":\"https:\\\/\\\/palmerodespachante.uy\\\/\",\"logo\":{\"@type\":\"ImageObject\",\"inLanguage\":\"es\",\"@id\":\"https:\\\/\\\/palmerodespachante.uy\\\/#\\\/schema\\\/logo\\\/image\\\/\",\"url\":\"https:\\\/\\\/palmerodespachante.uy\\\/wp-content\\\/uploads\\\/2018\\\/08\\\/Logo-144.png\",\"contentUrl\":\"https:\\\/\\\/palmerodespachante.uy\\\/wp-content\\\/uploads\\\/2018\\\/08\\\/Logo-144.png\",\"width\":144,\"height\":144,\"caption\":\"Palmero Despachante de Aduanas\"},\"image\":{\"@id\":\"https:\\\/\\\/palmerodespachante.uy\\\/#\\\/schema\\\/logo\\\/image\\\/\"},\"sameAs\":[\"https:\\\/\\\/www.facebook.com\\\/despachantedeaduana.palmero?hc_ref=ARQPWzEmqFz3O_9qTlrxPP6NW-Vf1b4-iJdwH7XdkuWdfarefzfPyjY7DGBCye4mnJs\",\"https:\\\/\\\/www.linkedin.com\\\/company\\\/despachante-de-aduana-palmero\\\/\"]},{\"@type\":\"Person\",\"@id\":\"https:\\\/\\\/palmerodespachante.uy\\\/#\\\/schema\\\/person\\\/9eabdcdc87fc74d275cc2faf2ce2f732\",\"name\":\"Javier Palmero\",\"image\":{\"@type\":\"ImageObject\",\"inLanguage\":\"es\",\"@id\":\"https:\\\/\\\/palmerodespachante.uy\\\/wp-content\\\/litespeed\\\/avatar\\\/8e783966089c8fa82b27a6627fb956c2.jpg?ver=1777463218\",\"url\":\"https:\\\/\\\/palmerodespachante.uy\\\/wp-content\\\/litespeed\\\/avatar\\\/8e783966089c8fa82b27a6627fb956c2.jpg?ver=1777463218\",\"contentUrl\":\"https:\\\/\\\/palmerodespachante.uy\\\/wp-content\\\/litespeed\\\/avatar\\\/8e783966089c8fa82b27a6627fb956c2.jpg?ver=1777463218\",\"caption\":\"Javier Palmero\"}}]}<\/script>\n<!-- \/ Yoast SEO plugin. -->","yoast_head_json":{"title":"EL PUERTO DE MONTEVIDEO INCREMENT\u00d3 UN 50% EL MOVIMIENTO DE CONTENEDORES CON RESPECTO A 2019. - Palmero Despachante de Aduana","robots":{"index":"noindex","follow":"follow"},"og_locale":"es_ES","og_type":"article","og_title":"EL PUERTO DE MONTEVIDEO INCREMENT\u00d3 UN 50% EL MOVIMIENTO DE CONTENEDORES CON RESPECTO A 2019. - Palmero Despachante de Aduana","og_description":"El Puerto de Montevideo se consolida como un hub log\u00edstico y entre enero y agosto de este a\u00f1o increment\u00f3 un 50% el movimiento de contenedores con respecto a igual per\u00edodo de 2019, durante la prepandemia. El Puerto de Montevideo moviliz\u00f3 una carga r\u00e9cord durante 2023 y ratifica as\u00ed su crecimiento en los \u00faltimos tiempos, pero [&hellip;]","og_url":"https:\/\/palmerodespachante.uy\/index.php\/2024\/09\/26\/el-puerto-de-montevideo-incremento-un-50-el-movimiento-de-contenedores-con-respecto-a-2019\/","og_site_name":"Palmero Despachante de Aduana","article_publisher":"https:\/\/www.facebook.com\/despachantedeaduana.palmero?hc_ref=ARQPWzEmqFz3O_9qTlrxPP6NW-Vf1b4-iJdwH7XdkuWdfarefzfPyjY7DGBCye4mnJs","article_published_time":"2024-09-26T18:41:57+00:00","article_modified_time":"2024-09-26T18:41:59+00:00","author":"Javier Palmero","twitter_card":"summary_large_image","twitter_misc":{"Escrito por":"Javier Palmero","Tiempo de lectura":"1 minuto"},"schema":{"@context":"https:\/\/schema.org","@graph":[{"@type":"Article","@id":"https:\/\/palmerodespachante.uy\/index.php\/2024\/09\/26\/el-puerto-de-montevideo-incremento-un-50-el-movimiento-de-contenedores-con-respecto-a-2019\/#article","isPartOf":{"@id":"https:\/\/palmerodespachante.uy\/index.php\/2024\/09\/26\/el-puerto-de-montevideo-incremento-un-50-el-movimiento-de-contenedores-con-respecto-a-2019\/"},"author":{"name":"Javier Palmero","@id":"https:\/\/palmerodespachante.uy\/#\/schema\/person\/9eabdcdc87fc74d275cc2faf2ce2f732"},"headline":"EL PUERTO DE MONTEVIDEO INCREMENT\u00d3 UN 50% EL MOVIMIENTO DE CONTENEDORES CON RESPECTO A 2019.","datePublished":"2024-09-26T18:41:57+00:00","dateModified":"2024-09-26T18:41:59+00:00","mainEntityOfPage":{"@id":"https:\/\/palmerodespachante.uy\/index.php\/2024\/09\/26\/el-puerto-de-montevideo-incremento-un-50-el-movimiento-de-contenedores-con-respecto-a-2019\/"},"wordCount":211,"commentCount":0,"publisher":{"@id":"https:\/\/palmerodespachante.uy\/#organization"},"articleSection":["Noticias"],"inLanguage":"es","potentialAction":[{"@type":"CommentAction","name":"Comment","target":["https:\/\/palmerodespachante.uy\/index.php\/2024\/09\/26\/el-puerto-de-montevideo-incremento-un-50-el-movimiento-de-contenedores-con-respecto-a-2019\/#respond"]}]},{"@type":"WebPage","@id":"https:\/\/palmerodespachante.uy\/index.php\/2024\/09\/26\/el-puerto-de-montevideo-incremento-un-50-el-movimiento-de-contenedores-con-respecto-a-2019\/","url":"https:\/\/palmerodespachante.uy\/index.php\/2024\/09\/26\/el-puerto-de-montevideo-incremento-un-50-el-movimiento-de-contenedores-con-respecto-a-2019\/","name":"EL PUERTO DE MONTEVIDEO INCREMENT\u00d3 UN 50% EL MOVIMIENTO DE CONTENEDORES CON RESPECTO A 2019. - Palmero Despachante de Aduana","isPartOf":{"@id":"https:\/\/palmerodespachante.uy\/#website"},"datePublished":"2024-09-26T18:41:57+00:00","dateModified":"2024-09-26T18:41:59+00:00","breadcrumb":{"@id":"https:\/\/palmerodespachante.uy\/index.php\/2024\/09\/26\/el-puerto-de-montevideo-incremento-un-50-el-movimiento-de-contenedores-con-respecto-a-2019\/#breadcrumb"},"inLanguage":"es","potentialAction":[{"@type":"ReadAction","target":["https:\/\/palmerodespachante.uy\/index.php\/2024\/09\/26\/el-puerto-de-montevideo-incremento-un-50-el-movimiento-de-contenedores-con-respecto-a-2019\/"]}]},{"@type":"BreadcrumbList","@id":"https:\/\/palmerodespachante.uy\/index.php\/2024\/09\/26\/el-puerto-de-montevideo-incremento-un-50-el-movimiento-de-contenedores-con-respecto-a-2019\/#breadcrumb","itemListElement":[{"@type":"ListItem","position":1,"name":"Portada","item":"https:\/\/palmerodespachante.uy\/"},{"@type":"ListItem","position":2,"name":"EL PUERTO DE MONTEVIDEO INCREMENT\u00d3 UN 50% EL MOVIMIENTO DE CONTENEDORES CON RESPECTO A 2019."}]},{"@type":"WebSite","@id":"https:\/\/palmerodespachante.uy\/#website","url":"https:\/\/palmerodespachante.uy\/","name":"Palmero Despachante de Aduana","description":"Importaci\u00f3n, Exportaci\u00f3n, Tr\u00e1nsito","publisher":{"@id":"https:\/\/palmerodespachante.uy\/#organization"},"potentialAction":[{"@type":"SearchAction","target":{"@type":"EntryPoint","urlTemplate":"https:\/\/palmerodespachante.uy\/?s={search_term_string}"},"query-input":{"@type":"PropertyValueSpecification","valueRequired":true,"valueName":"search_term_string"}}],"inLanguage":"es"},{"@type":"Organization","@id":"https:\/\/palmerodespachante.uy\/#organization","name":"Palmero Despachante de Aduanas","url":"https:\/\/palmerodespachante.uy\/","logo":{"@type":"ImageObject","inLanguage":"es","@id":"https:\/\/palmerodespachante.uy\/#\/schema\/logo\/image\/","url":"https:\/\/palmerodespachante.uy\/wp-content\/uploads\/2018\/08\/Logo-144.png","contentUrl":"https:\/\/palmerodespachante.uy\/wp-content\/uploads\/2018\/08\/Logo-144.png","width":144,"height":144,"caption":"Palmero Despachante de Aduanas"},"image":{"@id":"https:\/\/palmerodespachante.uy\/#\/schema\/logo\/image\/"},"sameAs":["https:\/\/www.facebook.com\/despachantedeaduana.palmero?hc_ref=ARQPWzEmqFz3O_9qTlrxPP6NW-Vf1b4-iJdwH7XdkuWdfarefzfPyjY7DGBCye4mnJs","https:\/\/www.linkedin.com\/company\/despachante-de-aduana-palmero\/"]},{"@type":"Person","@id":"https:\/\/palmerodespachante.uy\/#\/schema\/person\/9eabdcdc87fc74d275cc2faf2ce2f732","name":"Javier Palmero","image":{"@type":"ImageObject","inLanguage":"es","@id":"https:\/\/palmerodespachante.uy\/wp-content\/litespeed\/avatar\/8e783966089c8fa82b27a6627fb956c2.jpg?ver=1777463218","url":"https:\/\/palmerodespachante.uy\/wp-content\/litespeed\/avatar\/8e783966089c8fa82b27a6627fb956c2.jpg?ver=1777463218","contentUrl":"https:\/\/palmerodespachante.uy\/wp-content\/litespeed\/avatar\/8e783966089c8fa82b27a6627fb956c2.jpg?ver=1777463218","caption":"Javier Palmero"}}]}},"jetpack_featured_media_url":"","_links":{"self":[{"href":"https:\/\/palmerodespachante.uy\/index.php\/wp-json\/wp\/v2\/posts\/1286","targetHints":{"allow":["GET"]}}],"collection":[{"href":"https:\/\/palmerodespachante.uy\/index.php\/wp-json\/wp\/v2\/posts"}],"about":[{"href":"https:\/\/palmerodespachante.uy\/index.php\/wp-json\/wp\/v2\/types\/post"}],"author":[{"embeddable":true,"href":"https:\/\/palmerodespachante.uy\/index.php\/wp-json\/wp\/v2\/users\/3"}],"replies":[{"embeddable":true,"href":"https:\/\/palmerodespachante.uy\/index.php\/wp-json\/wp\/v2\/comments?post=1286"}],"version-history":[{"count":1,"href":"https:\/\/palmerodespachante.uy\/index.php\/wp-json\/wp\/v2\/posts\/1286\/revisions"}],"predecessor-version":[{"id":1287,"href":"https:\/\/palmerodespachante.uy\/index.php\/wp-json\/wp\/v2\/posts\/1286\/revisions\/1287"}],"wp:attachment":[{"href":"https:\/\/palmerodespachante.uy\/index.php\/wp-json\/wp\/v2\/media?parent=1286"}],"wp:term":[{"taxonomy":"category","embeddable":true,"href":"https:\/\/palmerodespachante.uy\/index.php\/wp-json\/wp\/v2\/categories?post=1286"},{"taxonomy":"post_tag","embeddable":true,"href":"https:\/\/palmerodespachante.uy\/index.php\/wp-json\/wp\/v2\/tags?post=1286"}],"curies":[{"name":"wp","href":"https:\/\/api.w.org\/{rel}","templated":true}]}}