{"id":1278,"date":"2024-09-19T12:52:16","date_gmt":"2024-09-19T15:52:16","guid":{"rendered":"https:\/\/palmerodespachante.uy\/?p=1278"},"modified":"2024-09-19T12:52:18","modified_gmt":"2024-09-19T15:52:18","slug":"comienza-la-construccion-de-zona-franca-del-plata-en-colonia-con-inversion-de-us-22-millones","status":"publish","type":"post","link":"https:\/\/palmerodespachante.uy\/index.php\/2024\/09\/19\/comienza-la-construccion-de-zona-franca-del-plata-en-colonia-con-inversion-de-us-22-millones\/","title":{"rendered":"Comienza la construcci\u00f3n de Zona Franca Del Plata en Colonia con inversi\u00f3n de US$ 22 millones"},"content":{"rendered":"\n<h1 class=\"wp-block-heading\"><\/h1>\n\n\n\n<h2 class=\"wp-block-heading\">Se estima que est\u00e9 operativa en el primer trimestre de 2026, contar\u00e1 con cinco pisos, business center y espacios para oficinas a partir de 30 metros cuadrados hasta 2.000<\/h2>\n\n\n\n<p><a href=\"https:\/\/www.elpais.com.uy\/autor\/antonio-larronda\"><\/a><\/p>\n\n\n\n<figure class=\"wp-block-image\"><img decoding=\"async\" src=\"https:\/\/imgs.elpais.com.uy\/dims4\/default\/8b239b5\/2147483647\/strip\/true\/crop\/502x345+68+0\/resize\/1440x990!\/quality\/90\/?url=https%3A%2F%2Fel-pais-uruguay-production-web.s3.us-east-1.amazonaws.com%2Fbrightspot%2F6d%2Fba%2F283001e14f4a8295b3a358cd1b2a%2F6.jpg\" alt=\"Zona Francia del Plata\"\/><figcaption class=\"wp-element-caption\">Zona Francia del Plata<\/figcaption><\/figure>\n\n\n\n<p>En octubre se colocar\u00e1 la piedra fundacional que dar\u00e1 comienzo a la obra de\u00a0<a href=\"https:\/\/www.elpais.com.uy\/negocios\/noticias\/como-avanza-la-nueva-zona-franca-de-servicios-en-colonia\">Zona Franca Del Plata<\/a>, ubicada en la ciudad de<strong>\u00a0Colonia del Sacramento\u00a0<\/strong>y especializada en servicios.<\/p>\n\n\n\n<p><br>El proyecto dar\u00e1 as\u00ed su primer paso luego de que\u00a0<a href=\"https:\/\/www.elpais.com.uy\/negocios\/noticias\/poder-ejecutivo-aprobo-la-nueva-zona-franca-de-servicios-en-colonia\">fuera aprobado en 2023<\/a>, confirm\u00f3 a El Empresario Francisco Ravecca, socio e inversor del proyecto, co-fundador y exCEO de Aguada Park, qui\u00e9n adem\u00e1s adelant\u00f3 que ya est\u00e1n en negociaciones con varios clientes, tanto de Argentina como de Uruguay.<\/p>\n\n\n\n<h2 class=\"wp-block-heading\"><a href=\"https:\/\/www.elpais.com.uy\/negocios\/noticias\/los-detalles-de-la-nueva-zona-franca-en-colonia-que-preve-crear-1-000-empleos\">Los detalles de la nueva zona franca en Colonia que prev\u00e9 crear 1.000 empleos<\/a><\/h2>\n\n\n\n<p>La zona franca coloniense estar\u00e1 ubicada en el barrio\u00a0<strong>Real San Carlos<\/strong>, en la esquina de la Rambla de las Am\u00e9ricas y la\u00a0<strong>avenida Eloy Perazza<\/strong>, a pocos metros de la\u00a0<strong>ic\u00f3nica Plaza de Toros<\/strong>. El edificio ocupar\u00e1 unos 11.000 metros cuadrados (m2), de los cuales 8.500 m2 corresponder\u00e1n a espacios de oficinas distribuidos en cinco pisos.<\/p>\n\n\n\n<p>El proyecto demandar\u00e1 una inversi\u00f3n de unos US$ 22 millones, indic\u00f3 Ravecca, y se estima que el proceso de construcci\u00f3n tendr\u00e1 una duraci\u00f3n de un a\u00f1o y medio. \u00abSi todo sale seg\u00fan los planes de obra, la idea es inaugurarlo y con los primeros clientes operando, en el primer trimestre de 2026\u00bb, revel\u00f3 el empresario.<\/p>\n\n\n\n<p>Diario El Pais<\/p>\n\n\n\n<p>Despachante de Aduana Palmero<\/p>\n\n\n\n<p><\/p>\n\n\n\n<p><\/p>\n","protected":false},"excerpt":{"rendered":"<p>Se estima que est\u00e9 operativa en el primer trimestre de 2026, contar\u00e1 con cinco pisos, business center y espacios para oficinas a partir de 30 metros cuadrados hasta 2.000 En octubre se colocar\u00e1 la piedra fundacional que dar\u00e1 comienzo a la obra de\u00a0Zona Franca Del Plata, ubicada en la ciudad de\u00a0Colonia del Sacramento\u00a0y especializada en [&hellip;]<\/p>\n","protected":false},"author":3,"featured_media":1279,"comment_status":"open","ping_status":"open","sticky":false,"template":"","format":"standard","meta":{"_joinchat":[],"footnotes":""},"categories":[37],"tags":[],"class_list":{"0":"post-1278","1":"post","2":"type-post","3":"status-publish","4":"format-standard","5":"has-post-thumbnail","7":"category-noticias"},"yoast_head":"<!-- This site is optimized with the Yoast SEO plugin v27.5 - https:\/\/yoast.com\/product\/yoast-seo-wordpress\/ -->\n<title>Comienza la construcci\u00f3n de Zona Franca Del Plata en Colonia con inversi\u00f3n de US$ 22 millones - Palmero Despachante de Aduana<\/title>\n<meta name=\"robots\" content=\"noindex, follow\" \/>\n<meta property=\"og:locale\" content=\"es_ES\" \/>\n<meta property=\"og:type\" content=\"article\" \/>\n<meta property=\"og:title\" content=\"Comienza la construcci\u00f3n de Zona Franca Del Plata en Colonia con inversi\u00f3n de US$ 22 millones - Palmero Despachante de Aduana\" \/>\n<meta property=\"og:description\" content=\"Se estima que est\u00e9 operativa en el primer trimestre de 2026, contar\u00e1 con cinco pisos, business center y espacios para oficinas a partir de 30 metros cuadrados hasta 2.000 En octubre se colocar\u00e1 la piedra fundacional que dar\u00e1 comienzo a la obra de\u00a0Zona Franca Del Plata, ubicada en la ciudad de\u00a0Colonia del Sacramento\u00a0y especializada en [&hellip;]\" \/>\n<meta property=\"og:url\" content=\"https:\/\/palmerodespachante.uy\/index.php\/2024\/09\/19\/comienza-la-construccion-de-zona-franca-del-plata-en-colonia-con-inversion-de-us-22-millones\/\" \/>\n<meta property=\"og:site_name\" content=\"Palmero Despachante de Aduana\" \/>\n<meta property=\"article:publisher\" content=\"https:\/\/www.facebook.com\/despachantedeaduana.palmero?hc_ref=ARQPWzEmqFz3O_9qTlrxPP6NW-Vf1b4-iJdwH7XdkuWdfarefzfPyjY7DGBCye4mnJs\" \/>\n<meta property=\"article:published_time\" content=\"2024-09-19T15:52:16+00:00\" \/>\n<meta property=\"article:modified_time\" content=\"2024-09-19T15:52:18+00:00\" \/>\n<meta property=\"og:image\" content=\"http:\/\/palmerodespachante.uy\/wp-content\/uploads\/2024\/09\/descargar.jpg\" \/>\n\t<meta property=\"og:image:width\" content=\"1440\" \/>\n\t<meta property=\"og:image:height\" content=\"990\" \/>\n\t<meta property=\"og:image:type\" content=\"image\/jpeg\" \/>\n<meta name=\"author\" content=\"Javier Palmero\" \/>\n<meta name=\"twitter:card\" content=\"summary_large_image\" \/>\n<meta name=\"twitter:label1\" content=\"Escrito por\" \/>\n\t<meta name=\"twitter:data1\" content=\"Javier Palmero\" \/>\n\t<meta name=\"twitter:label2\" content=\"Tiempo de lectura\" \/>\n\t<meta name=\"twitter:data2\" content=\"2 minutos\" \/>\n<script type=\"application\/ld+json\" class=\"yoast-schema-graph\">{\"@context\":\"https:\\\/\\\/schema.org\",\"@graph\":[{\"@type\":\"Article\",\"@id\":\"https:\\\/\\\/palmerodespachante.uy\\\/index.php\\\/2024\\\/09\\\/19\\\/comienza-la-construccion-de-zona-franca-del-plata-en-colonia-con-inversion-de-us-22-millones\\\/#article\",\"isPartOf\":{\"@id\":\"https:\\\/\\\/palmerodespachante.uy\\\/index.php\\\/2024\\\/09\\\/19\\\/comienza-la-construccion-de-zona-franca-del-plata-en-colonia-con-inversion-de-us-22-millones\\\/\"},\"author\":{\"name\":\"Javier Palmero\",\"@id\":\"https:\\\/\\\/palmerodespachante.uy\\\/#\\\/schema\\\/person\\\/9eabdcdc87fc74d275cc2faf2ce2f732\"},\"headline\":\"Comienza la construcci\u00f3n de Zona Franca Del Plata en Colonia con inversi\u00f3n de US$ 22 millones\",\"datePublished\":\"2024-09-19T15:52:16+00:00\",\"dateModified\":\"2024-09-19T15:52:18+00:00\",\"mainEntityOfPage\":{\"@id\":\"https:\\\/\\\/palmerodespachante.uy\\\/index.php\\\/2024\\\/09\\\/19\\\/comienza-la-construccion-de-zona-franca-del-plata-en-colonia-con-inversion-de-us-22-millones\\\/\"},\"wordCount\":263,\"commentCount\":0,\"publisher\":{\"@id\":\"https:\\\/\\\/palmerodespachante.uy\\\/#organization\"},\"image\":{\"@id\":\"https:\\\/\\\/palmerodespachante.uy\\\/index.php\\\/2024\\\/09\\\/19\\\/comienza-la-construccion-de-zona-franca-del-plata-en-colonia-con-inversion-de-us-22-millones\\\/#primaryimage\"},\"thumbnailUrl\":\"https:\\\/\\\/palmerodespachante.uy\\\/wp-content\\\/uploads\\\/2024\\\/09\\\/descargar.jpg\",\"articleSection\":[\"Noticias\"],\"inLanguage\":\"es\",\"potentialAction\":[{\"@type\":\"CommentAction\",\"name\":\"Comment\",\"target\":[\"https:\\\/\\\/palmerodespachante.uy\\\/index.php\\\/2024\\\/09\\\/19\\\/comienza-la-construccion-de-zona-franca-del-plata-en-colonia-con-inversion-de-us-22-millones\\\/#respond\"]}]},{\"@type\":\"WebPage\",\"@id\":\"https:\\\/\\\/palmerodespachante.uy\\\/index.php\\\/2024\\\/09\\\/19\\\/comienza-la-construccion-de-zona-franca-del-plata-en-colonia-con-inversion-de-us-22-millones\\\/\",\"url\":\"https:\\\/\\\/palmerodespachante.uy\\\/index.php\\\/2024\\\/09\\\/19\\\/comienza-la-construccion-de-zona-franca-del-plata-en-colonia-con-inversion-de-us-22-millones\\\/\",\"name\":\"Comienza la construcci\u00f3n de Zona Franca Del Plata en Colonia con inversi\u00f3n de US$ 22 millones - Palmero Despachante de Aduana\",\"isPartOf\":{\"@id\":\"https:\\\/\\\/palmerodespachante.uy\\\/#website\"},\"primaryImageOfPage\":{\"@id\":\"https:\\\/\\\/palmerodespachante.uy\\\/index.php\\\/2024\\\/09\\\/19\\\/comienza-la-construccion-de-zona-franca-del-plata-en-colonia-con-inversion-de-us-22-millones\\\/#primaryimage\"},\"image\":{\"@id\":\"https:\\\/\\\/palmerodespachante.uy\\\/index.php\\\/2024\\\/09\\\/19\\\/comienza-la-construccion-de-zona-franca-del-plata-en-colonia-con-inversion-de-us-22-millones\\\/#primaryimage\"},\"thumbnailUrl\":\"https:\\\/\\\/palmerodespachante.uy\\\/wp-content\\\/uploads\\\/2024\\\/09\\\/descargar.jpg\",\"datePublished\":\"2024-09-19T15:52:16+00:00\",\"dateModified\":\"2024-09-19T15:52:18+00:00\",\"breadcrumb\":{\"@id\":\"https:\\\/\\\/palmerodespachante.uy\\\/index.php\\\/2024\\\/09\\\/19\\\/comienza-la-construccion-de-zona-franca-del-plata-en-colonia-con-inversion-de-us-22-millones\\\/#breadcrumb\"},\"inLanguage\":\"es\",\"potentialAction\":[{\"@type\":\"ReadAction\",\"target\":[\"https:\\\/\\\/palmerodespachante.uy\\\/index.php\\\/2024\\\/09\\\/19\\\/comienza-la-construccion-de-zona-franca-del-plata-en-colonia-con-inversion-de-us-22-millones\\\/\"]}]},{\"@type\":\"ImageObject\",\"inLanguage\":\"es\",\"@id\":\"https:\\\/\\\/palmerodespachante.uy\\\/index.php\\\/2024\\\/09\\\/19\\\/comienza-la-construccion-de-zona-franca-del-plata-en-colonia-con-inversion-de-us-22-millones\\\/#primaryimage\",\"url\":\"https:\\\/\\\/palmerodespachante.uy\\\/wp-content\\\/uploads\\\/2024\\\/09\\\/descargar.jpg\",\"contentUrl\":\"https:\\\/\\\/palmerodespachante.uy\\\/wp-content\\\/uploads\\\/2024\\\/09\\\/descargar.jpg\",\"width\":1440,\"height\":990},{\"@type\":\"BreadcrumbList\",\"@id\":\"https:\\\/\\\/palmerodespachante.uy\\\/index.php\\\/2024\\\/09\\\/19\\\/comienza-la-construccion-de-zona-franca-del-plata-en-colonia-con-inversion-de-us-22-millones\\\/#breadcrumb\",\"itemListElement\":[{\"@type\":\"ListItem\",\"position\":1,\"name\":\"Portada\",\"item\":\"https:\\\/\\\/palmerodespachante.uy\\\/\"},{\"@type\":\"ListItem\",\"position\":2,\"name\":\"Comienza la construcci\u00f3n de Zona Franca Del Plata en Colonia con inversi\u00f3n de US$ 22 millones\"}]},{\"@type\":\"WebSite\",\"@id\":\"https:\\\/\\\/palmerodespachante.uy\\\/#website\",\"url\":\"https:\\\/\\\/palmerodespachante.uy\\\/\",\"name\":\"Palmero Despachante de Aduana\",\"description\":\"Importaci\u00f3n, Exportaci\u00f3n, Tr\u00e1nsito\",\"publisher\":{\"@id\":\"https:\\\/\\\/palmerodespachante.uy\\\/#organization\"},\"potentialAction\":[{\"@type\":\"SearchAction\",\"target\":{\"@type\":\"EntryPoint\",\"urlTemplate\":\"https:\\\/\\\/palmerodespachante.uy\\\/?s={search_term_string}\"},\"query-input\":{\"@type\":\"PropertyValueSpecification\",\"valueRequired\":true,\"valueName\":\"search_term_string\"}}],\"inLanguage\":\"es\"},{\"@type\":\"Organization\",\"@id\":\"https:\\\/\\\/palmerodespachante.uy\\\/#organization\",\"name\":\"Palmero Despachante de Aduanas\",\"url\":\"https:\\\/\\\/palmerodespachante.uy\\\/\",\"logo\":{\"@type\":\"ImageObject\",\"inLanguage\":\"es\",\"@id\":\"https:\\\/\\\/palmerodespachante.uy\\\/#\\\/schema\\\/logo\\\/image\\\/\",\"url\":\"https:\\\/\\\/palmerodespachante.uy\\\/wp-content\\\/uploads\\\/2018\\\/08\\\/Logo-144.png\",\"contentUrl\":\"https:\\\/\\\/palmerodespachante.uy\\\/wp-content\\\/uploads\\\/2018\\\/08\\\/Logo-144.png\",\"width\":144,\"height\":144,\"caption\":\"Palmero Despachante de Aduanas\"},\"image\":{\"@id\":\"https:\\\/\\\/palmerodespachante.uy\\\/#\\\/schema\\\/logo\\\/image\\\/\"},\"sameAs\":[\"https:\\\/\\\/www.facebook.com\\\/despachantedeaduana.palmero?hc_ref=ARQPWzEmqFz3O_9qTlrxPP6NW-Vf1b4-iJdwH7XdkuWdfarefzfPyjY7DGBCye4mnJs\",\"https:\\\/\\\/www.linkedin.com\\\/company\\\/despachante-de-aduana-palmero\\\/\"]},{\"@type\":\"Person\",\"@id\":\"https:\\\/\\\/palmerodespachante.uy\\\/#\\\/schema\\\/person\\\/9eabdcdc87fc74d275cc2faf2ce2f732\",\"name\":\"Javier Palmero\",\"image\":{\"@type\":\"ImageObject\",\"inLanguage\":\"es\",\"@id\":\"https:\\\/\\\/palmerodespachante.uy\\\/wp-content\\\/litespeed\\\/avatar\\\/8e783966089c8fa82b27a6627fb956c2.jpg?ver=1777463218\",\"url\":\"https:\\\/\\\/palmerodespachante.uy\\\/wp-content\\\/litespeed\\\/avatar\\\/8e783966089c8fa82b27a6627fb956c2.jpg?ver=1777463218\",\"contentUrl\":\"https:\\\/\\\/palmerodespachante.uy\\\/wp-content\\\/litespeed\\\/avatar\\\/8e783966089c8fa82b27a6627fb956c2.jpg?ver=1777463218\",\"caption\":\"Javier Palmero\"}}]}<\/script>\n<!-- \/ Yoast SEO plugin. -->","yoast_head_json":{"title":"Comienza la construcci\u00f3n de Zona Franca Del Plata en Colonia con inversi\u00f3n de US$ 22 millones - Palmero Despachante de Aduana","robots":{"index":"noindex","follow":"follow"},"og_locale":"es_ES","og_type":"article","og_title":"Comienza la construcci\u00f3n de Zona Franca Del Plata en Colonia con inversi\u00f3n de US$ 22 millones - Palmero Despachante de Aduana","og_description":"Se estima que est\u00e9 operativa en el primer trimestre de 2026, contar\u00e1 con cinco pisos, business center y espacios para oficinas a partir de 30 metros cuadrados hasta 2.000 En octubre se colocar\u00e1 la piedra fundacional que dar\u00e1 comienzo a la obra de\u00a0Zona Franca Del Plata, ubicada en la ciudad de\u00a0Colonia del Sacramento\u00a0y especializada en [&hellip;]","og_url":"https:\/\/palmerodespachante.uy\/index.php\/2024\/09\/19\/comienza-la-construccion-de-zona-franca-del-plata-en-colonia-con-inversion-de-us-22-millones\/","og_site_name":"Palmero Despachante de Aduana","article_publisher":"https:\/\/www.facebook.com\/despachantedeaduana.palmero?hc_ref=ARQPWzEmqFz3O_9qTlrxPP6NW-Vf1b4-iJdwH7XdkuWdfarefzfPyjY7DGBCye4mnJs","article_published_time":"2024-09-19T15:52:16+00:00","article_modified_time":"2024-09-19T15:52:18+00:00","og_image":[{"width":1440,"height":990,"url":"http:\/\/palmerodespachante.uy\/wp-content\/uploads\/2024\/09\/descargar.jpg","type":"image\/jpeg"}],"author":"Javier Palmero","twitter_card":"summary_large_image","twitter_misc":{"Escrito por":"Javier Palmero","Tiempo de lectura":"2 minutos"},"schema":{"@context":"https:\/\/schema.org","@graph":[{"@type":"Article","@id":"https:\/\/palmerodespachante.uy\/index.php\/2024\/09\/19\/comienza-la-construccion-de-zona-franca-del-plata-en-colonia-con-inversion-de-us-22-millones\/#article","isPartOf":{"@id":"https:\/\/palmerodespachante.uy\/index.php\/2024\/09\/19\/comienza-la-construccion-de-zona-franca-del-plata-en-colonia-con-inversion-de-us-22-millones\/"},"author":{"name":"Javier Palmero","@id":"https:\/\/palmerodespachante.uy\/#\/schema\/person\/9eabdcdc87fc74d275cc2faf2ce2f732"},"headline":"Comienza la construcci\u00f3n de Zona Franca Del Plata en Colonia con inversi\u00f3n de US$ 22 millones","datePublished":"2024-09-19T15:52:16+00:00","dateModified":"2024-09-19T15:52:18+00:00","mainEntityOfPage":{"@id":"https:\/\/palmerodespachante.uy\/index.php\/2024\/09\/19\/comienza-la-construccion-de-zona-franca-del-plata-en-colonia-con-inversion-de-us-22-millones\/"},"wordCount":263,"commentCount":0,"publisher":{"@id":"https:\/\/palmerodespachante.uy\/#organization"},"image":{"@id":"https:\/\/palmerodespachante.uy\/index.php\/2024\/09\/19\/comienza-la-construccion-de-zona-franca-del-plata-en-colonia-con-inversion-de-us-22-millones\/#primaryimage"},"thumbnailUrl":"https:\/\/palmerodespachante.uy\/wp-content\/uploads\/2024\/09\/descargar.jpg","articleSection":["Noticias"],"inLanguage":"es","potentialAction":[{"@type":"CommentAction","name":"Comment","target":["https:\/\/palmerodespachante.uy\/index.php\/2024\/09\/19\/comienza-la-construccion-de-zona-franca-del-plata-en-colonia-con-inversion-de-us-22-millones\/#respond"]}]},{"@type":"WebPage","@id":"https:\/\/palmerodespachante.uy\/index.php\/2024\/09\/19\/comienza-la-construccion-de-zona-franca-del-plata-en-colonia-con-inversion-de-us-22-millones\/","url":"https:\/\/palmerodespachante.uy\/index.php\/2024\/09\/19\/comienza-la-construccion-de-zona-franca-del-plata-en-colonia-con-inversion-de-us-22-millones\/","name":"Comienza la construcci\u00f3n de Zona Franca Del Plata en Colonia con inversi\u00f3n de US$ 22 millones - Palmero Despachante de Aduana","isPartOf":{"@id":"https:\/\/palmerodespachante.uy\/#website"},"primaryImageOfPage":{"@id":"https:\/\/palmerodespachante.uy\/index.php\/2024\/09\/19\/comienza-la-construccion-de-zona-franca-del-plata-en-colonia-con-inversion-de-us-22-millones\/#primaryimage"},"image":{"@id":"https:\/\/palmerodespachante.uy\/index.php\/2024\/09\/19\/comienza-la-construccion-de-zona-franca-del-plata-en-colonia-con-inversion-de-us-22-millones\/#primaryimage"},"thumbnailUrl":"https:\/\/palmerodespachante.uy\/wp-content\/uploads\/2024\/09\/descargar.jpg","datePublished":"2024-09-19T15:52:16+00:00","dateModified":"2024-09-19T15:52:18+00:00","breadcrumb":{"@id":"https:\/\/palmerodespachante.uy\/index.php\/2024\/09\/19\/comienza-la-construccion-de-zona-franca-del-plata-en-colonia-con-inversion-de-us-22-millones\/#breadcrumb"},"inLanguage":"es","potentialAction":[{"@type":"ReadAction","target":["https:\/\/palmerodespachante.uy\/index.php\/2024\/09\/19\/comienza-la-construccion-de-zona-franca-del-plata-en-colonia-con-inversion-de-us-22-millones\/"]}]},{"@type":"ImageObject","inLanguage":"es","@id":"https:\/\/palmerodespachante.uy\/index.php\/2024\/09\/19\/comienza-la-construccion-de-zona-franca-del-plata-en-colonia-con-inversion-de-us-22-millones\/#primaryimage","url":"https:\/\/palmerodespachante.uy\/wp-content\/uploads\/2024\/09\/descargar.jpg","contentUrl":"https:\/\/palmerodespachante.uy\/wp-content\/uploads\/2024\/09\/descargar.jpg","width":1440,"height":990},{"@type":"BreadcrumbList","@id":"https:\/\/palmerodespachante.uy\/index.php\/2024\/09\/19\/comienza-la-construccion-de-zona-franca-del-plata-en-colonia-con-inversion-de-us-22-millones\/#breadcrumb","itemListElement":[{"@type":"ListItem","position":1,"name":"Portada","item":"https:\/\/palmerodespachante.uy\/"},{"@type":"ListItem","position":2,"name":"Comienza la construcci\u00f3n de Zona Franca Del Plata en Colonia con inversi\u00f3n de US$ 22 millones"}]},{"@type":"WebSite","@id":"https:\/\/palmerodespachante.uy\/#website","url":"https:\/\/palmerodespachante.uy\/","name":"Palmero Despachante de Aduana","description":"Importaci\u00f3n, Exportaci\u00f3n, Tr\u00e1nsito","publisher":{"@id":"https:\/\/palmerodespachante.uy\/#organization"},"potentialAction":[{"@type":"SearchAction","target":{"@type":"EntryPoint","urlTemplate":"https:\/\/palmerodespachante.uy\/?s={search_term_string}"},"query-input":{"@type":"PropertyValueSpecification","valueRequired":true,"valueName":"search_term_string"}}],"inLanguage":"es"},{"@type":"Organization","@id":"https:\/\/palmerodespachante.uy\/#organization","name":"Palmero Despachante de Aduanas","url":"https:\/\/palmerodespachante.uy\/","logo":{"@type":"ImageObject","inLanguage":"es","@id":"https:\/\/palmerodespachante.uy\/#\/schema\/logo\/image\/","url":"https:\/\/palmerodespachante.uy\/wp-content\/uploads\/2018\/08\/Logo-144.png","contentUrl":"https:\/\/palmerodespachante.uy\/wp-content\/uploads\/2018\/08\/Logo-144.png","width":144,"height":144,"caption":"Palmero Despachante de Aduanas"},"image":{"@id":"https:\/\/palmerodespachante.uy\/#\/schema\/logo\/image\/"},"sameAs":["https:\/\/www.facebook.com\/despachantedeaduana.palmero?hc_ref=ARQPWzEmqFz3O_9qTlrxPP6NW-Vf1b4-iJdwH7XdkuWdfarefzfPyjY7DGBCye4mnJs","https:\/\/www.linkedin.com\/company\/despachante-de-aduana-palmero\/"]},{"@type":"Person","@id":"https:\/\/palmerodespachante.uy\/#\/schema\/person\/9eabdcdc87fc74d275cc2faf2ce2f732","name":"Javier Palmero","image":{"@type":"ImageObject","inLanguage":"es","@id":"https:\/\/palmerodespachante.uy\/wp-content\/litespeed\/avatar\/8e783966089c8fa82b27a6627fb956c2.jpg?ver=1777463218","url":"https:\/\/palmerodespachante.uy\/wp-content\/litespeed\/avatar\/8e783966089c8fa82b27a6627fb956c2.jpg?ver=1777463218","contentUrl":"https:\/\/palmerodespachante.uy\/wp-content\/litespeed\/avatar\/8e783966089c8fa82b27a6627fb956c2.jpg?ver=1777463218","caption":"Javier Palmero"}}]}},"jetpack_featured_media_url":"https:\/\/palmerodespachante.uy\/wp-content\/uploads\/2024\/09\/descargar.jpg","_links":{"self":[{"href":"https:\/\/palmerodespachante.uy\/index.php\/wp-json\/wp\/v2\/posts\/1278","targetHints":{"allow":["GET"]}}],"collection":[{"href":"https:\/\/palmerodespachante.uy\/index.php\/wp-json\/wp\/v2\/posts"}],"about":[{"href":"https:\/\/palmerodespachante.uy\/index.php\/wp-json\/wp\/v2\/types\/post"}],"author":[{"embeddable":true,"href":"https:\/\/palmerodespachante.uy\/index.php\/wp-json\/wp\/v2\/users\/3"}],"replies":[{"embeddable":true,"href":"https:\/\/palmerodespachante.uy\/index.php\/wp-json\/wp\/v2\/comments?post=1278"}],"version-history":[{"count":1,"href":"https:\/\/palmerodespachante.uy\/index.php\/wp-json\/wp\/v2\/posts\/1278\/revisions"}],"predecessor-version":[{"id":1280,"href":"https:\/\/palmerodespachante.uy\/index.php\/wp-json\/wp\/v2\/posts\/1278\/revisions\/1280"}],"wp:featuredmedia":[{"embeddable":true,"href":"https:\/\/palmerodespachante.uy\/index.php\/wp-json\/wp\/v2\/media\/1279"}],"wp:attachment":[{"href":"https:\/\/palmerodespachante.uy\/index.php\/wp-json\/wp\/v2\/media?parent=1278"}],"wp:term":[{"taxonomy":"category","embeddable":true,"href":"https:\/\/palmerodespachante.uy\/index.php\/wp-json\/wp\/v2\/categories?post=1278"},{"taxonomy":"post_tag","embeddable":true,"href":"https:\/\/palmerodespachante.uy\/index.php\/wp-json\/wp\/v2\/tags?post=1278"}],"curies":[{"name":"wp","href":"https:\/\/api.w.org\/{rel}","templated":true}]}}